{"id":741,"date":"2020-04-07T12:17:00","date_gmt":"2020-04-07T12:17:00","guid":{"rendered":"https:\/\/www.giovanicryos.it\/?p=741"},"modified":"2020-04-07T12:17:00","modified_gmt":"2020-04-07T12:17:00","slug":"intervista-a-massimo-tripiedi-tecnico-degli-esordienti-cryos","status":"publish","type":"post","link":"https:\/\/cryos.web.dev.crypteia.it\/index.php\/2020\/04\/07\/intervista-a-massimo-tripiedi-tecnico-degli-esordienti-cryos\/","title":{"rendered":"Intervista a Massimo Tripiedi, Tecnico degli Esordienti Cryos"},"content":{"rendered":"<style>.elementor-widget-section .eael-protected-content-message{font-family:var( --e-global-typography-secondary-font-family ), Sans-serif;font-weight:var( --e-global-typography-secondary-font-weight );}.elementor-widget-section .protected-content-error-msg{font-family:var( --e-global-typography-secondary-font-family ), Sans-serif;font-weight:var( --e-global-typography-secondary-font-weight );}.elementor-widget-text-editor{font-family:var( --e-global-typography-text-font-family ), Sans-serif;font-weight:var( --e-global-typography-text-font-weight );}.elementor-widget-text-editor .eael-protected-content-message{font-family:var( --e-global-typography-secondary-font-family ), Sans-serif;font-weight:var( --e-global-typography-secondary-font-weight );}.elementor-widget-text-editor .protected-content-error-msg{font-family:var( --e-global-typography-secondary-font-family ), Sans-serif;font-weight:var( --e-global-typography-secondary-font-weight );}.elementor-741 .elementor-element.elementor-element-9db1638{font-family:\"Tahoma\", Sans-serif;font-size:19px;}.elementor-widget-spacer .eael-protected-content-message{font-family:var( --e-global-typography-secondary-font-family ), Sans-serif;font-weight:var( --e-global-typography-secondary-font-weight );}.elementor-widget-spacer .protected-content-error-msg{font-family:var( --e-global-typography-secondary-font-family ), Sans-serif;font-weight:var( --e-global-typography-secondary-font-weight );}.elementor-741 .elementor-element.elementor-element-9a87199{--spacer-size:190px;}.elementor-widget-html .eael-protected-content-message{font-family:var( --e-global-typography-secondary-font-family ), Sans-serif;font-weight:var( --e-global-typography-secondary-font-weight );}.elementor-widget-html .protected-content-error-msg{font-family:var( --e-global-typography-secondary-font-family ), Sans-serif;font-weight:var( --e-global-typography-secondary-font-weight );}<\/style>\t\t<div data-elementor-type=\"wp-post\" data-elementor-id=\"741\" class=\"elementor elementor-741\" data-elementor-post-type=\"post\">\n\t\t\t\t\t\t<section data-particle_enable=\"false\" data-particle-mobile-disabled=\"false\" class=\"elementor-section elementor-top-section elementor-element elementor-element-f5d5f43 elementor-section-boxed elementor-section-height-default elementor-section-height-default\" data-id=\"f5d5f43\" data-element_type=\"section\" data-e-type=\"section\" data-settings=\"{&quot;profecient_background_motion_effects_toggle&quot;:0,&quot;profecient_custom_cursor_toggle&quot;:false,&quot;profecient_parallax_effects_toggle&quot;:0,&quot;profecient_mouse_effects_toggle&quot;:0}\">\n\t\t\t\t\t\t<div class=\"elementor-container elementor-column-gap-default\">\n\t\t\t\t\t<div class=\"elementor-column elementor-col-100 elementor-top-column elementor-element elementor-element-ab3a9b9\" data-id=\"ab3a9b9\" data-element_type=\"column\" data-e-type=\"column\" data-settings=\"{&quot;profecient_background_motion_effects_toggle&quot;:0,&quot;profecient_custom_cursor_toggle&quot;:false,&quot;profecient_parallax_effects_toggle&quot;:0,&quot;profecient_mouse_effects_toggle&quot;:0}\">\n\t\t\t<div class=\"elementor-widget-wrap elementor-element-populated\">\n\t\t\t\t\t\t<div class=\"elementor-element elementor-element-9db1638 elementor-widget elementor-widget-text-editor\" data-id=\"9db1638\" data-element_type=\"widget\" data-e-type=\"widget\" data-widget_type=\"text-editor.default\">\n\t\t\t\t\t\t\t\t\t<p>Il tecnico degli Esordienti biancoverdi elogia il lavoro del duo Lafratta &#8211; De Vita anche in piena emergenza coronavirus: &#8220;Smart working lodevole, \u00e8 l&#8217;ultima di tante iniziative che mi hanno fatto crescere come tecnico&#8221;\n\n#giovanicryos #gobears<\/p>\t\t\t\t\t\t\t\t<\/div>\n\t\t\t\t\t<\/div>\n\t\t<\/div>\n\t\t\t\t\t<\/div>\n\t\t<\/section>\n\t\t\t\t<section data-particle_enable=\"false\" data-particle-mobile-disabled=\"false\" class=\"elementor-section elementor-top-section elementor-element elementor-element-a4fcdec elementor-section-boxed elementor-section-height-default elementor-section-height-default\" data-id=\"a4fcdec\" data-element_type=\"section\" data-e-type=\"section\" data-settings=\"{&quot;profecient_background_motion_effects_toggle&quot;:0,&quot;profecient_custom_cursor_toggle&quot;:false,&quot;profecient_parallax_effects_toggle&quot;:0,&quot;profecient_mouse_effects_toggle&quot;:0}\">\n\t\t\t\t\t\t<div class=\"elementor-container elementor-column-gap-default\">\n\t\t\t\t\t<div class=\"elementor-column elementor-col-100 elementor-top-column elementor-element elementor-element-f778d89\" data-id=\"f778d89\" data-element_type=\"column\" data-e-type=\"column\" data-settings=\"{&quot;profecient_background_motion_effects_toggle&quot;:0,&quot;profecient_custom_cursor_toggle&quot;:false,&quot;profecient_parallax_effects_toggle&quot;:0,&quot;profecient_mouse_effects_toggle&quot;:0}\">\n\t\t\t<div class=\"elementor-widget-wrap elementor-element-populated\">\n\t\t\t\t\t\t<div class=\"elementor-element elementor-element-9a87199 elementor-widget elementor-widget-spacer\" data-id=\"9a87199\" data-element_type=\"widget\" data-e-type=\"widget\" data-widget_type=\"spacer.default\">\n\t\t\t\t\t\t\t<div class=\"elementor-spacer\">\n\t\t\t<div class=\"elementor-spacer-inner\"><\/div>\n\t\t<\/div>\n\t\t\t\t\t\t<\/div>\n\t\t\t\t\t<\/div>\n\t\t<\/div>\n\t\t\t\t\t<\/div>\n\t\t<\/section>\n\t\t\t\t<section data-particle_enable=\"false\" data-particle-mobile-disabled=\"false\" class=\"elementor-section elementor-top-section elementor-element elementor-element-faacd12 elementor-section-boxed elementor-section-height-default elementor-section-height-default\" data-id=\"faacd12\" data-element_type=\"section\" data-e-type=\"section\" data-settings=\"{&quot;profecient_background_motion_effects_toggle&quot;:0,&quot;profecient_custom_cursor_toggle&quot;:false,&quot;profecient_parallax_effects_toggle&quot;:0,&quot;profecient_mouse_effects_toggle&quot;:0}\">\n\t\t\t\t\t\t<div class=\"elementor-container elementor-column-gap-default\">\n\t\t\t\t\t<div class=\"elementor-column elementor-col-100 elementor-top-column elementor-element elementor-element-a35b978\" data-id=\"a35b978\" data-element_type=\"column\" data-e-type=\"column\" data-settings=\"{&quot;profecient_background_motion_effects_toggle&quot;:0,&quot;profecient_custom_cursor_toggle&quot;:false,&quot;profecient_parallax_effects_toggle&quot;:0,&quot;profecient_mouse_effects_toggle&quot;:0}\">\n\t\t\t<div class=\"elementor-widget-wrap elementor-element-populated\">\n\t\t\t\t\t\t<div class=\"elementor-element elementor-element-9e2fafe elementor-widget elementor-widget-text-editor\" data-id=\"9e2fafe\" data-element_type=\"widget\" data-e-type=\"widget\" data-widget_type=\"text-editor.default\">\n\t\t\t\t\t\t\t\t\t<p>Il ritorno sui campi \u00e8 ancora lontano, ma in casa Giovani Cryos, come accade da pi\u00f9 di un mese a questa parte, si lavora quotidianamente per pianificare il futuro prossimo attraverso video lezioni ed altre iniziative ideate per affrontare al meglio lo stop forzato dettato dall&#8217;emergenza coronavirus.\n\nTra i tecnici impegnati nell&#8217;apprezzatissimo smart working della societ\u00e0 biancoverde c&#8217;\u00e8 anche il tecnico degli Esordienti 2007 Massimo Tripiedi: &#8220;Questo \u00e8 un periodo che ha cambiato le mie abitudini giornaliere, ad eccezione per il lavoro che continuo a svolgere quotidianamente, facendo parte di una azienda definita di primaria necessit\u00e0. E&#8217; un momento di profonda riflessione: come non pensare alle tante persone che hanno perso la vita a causa di questo maledetto virus e alla gente che combatte per venirne fuori. Mi auguro che questo incubo finisca prima possibile&#8221;.\n\nIl sorriso ritorna quando si parla dei suoi atleti, che anche quest&#8217;anno, a suon di ottimi risultati hanno valorizzato l&#8217;ottimo lavoro svolto dal mister: &#8220;Con i ragazzi il rapporto \u00e8 a dir poco speciale, mi hanno dimostrato maturit\u00e0 per come stanno affrontando questo periodo di emergenza. Un segnale positivo dove tanti adulti dovrebbero imparare dai ragazzi&#8221;.\n\nIl &#8220;lavoro da casa&#8221; premia: tanti sono i tesserati a inoltrare feedback positivi su quello che \u00e8 il progetto che vede coinvolti tutti, dai dirigenti, ai tecnici ai collaboratori: &#8220;Questo successo \u00e8 l&#8217;ennesima dimostrazione di una societ\u00e0 seria e organizzata, che anche in un periodo di grande difficolt\u00e0 mette a disposizione dei ragazzi video di allenamenti con i quali si possono divertire restando a casa. Iniziativa che non mi stupisce pi\u00f9 di tanto, perch\u00e9 il duo Lafratta &#8211; De Vita ci ha reso partecipi di belle iniziative che hanno portato alla crescita di noi tecnici e dei nostri ragazzi. Quando si lavora con due persone serie e competenti, gli obiettivi prima o poi si raggiungono&#8221;.\n\nAdesso c&#8217;\u00e8 da vincere la partita pi\u00f9 importante: &#8220;Restare a casa, per chi pu\u00f2 farlo, \u00e8 l&#8217;unica arma che abbiamo per tornare il prima possibile alla normalit\u00e0. Mi auguro di poter tornare presto ad abbracciare i miei ragazzi e a rivivere insieme tutti i momenti che abbiamo condiviso, divertendoci ancora di pi\u00f9&#8221;.<\/p>\t\t\t\t\t\t\t\t<\/div>\n\t\t\t\t<div class=\"elementor-element elementor-element-8cae0fa elementor-widget elementor-widget-html\" data-id=\"8cae0fa\" data-element_type=\"widget\" data-e-type=\"widget\" data-widget_type=\"html.default\">\n\t\t\t\t\t<div id=\"fb-root\"><\/div>\r\n<script async defer crossorigin=\"anonymous\" src=\"https:\/\/connect.facebook.net\/it_IT\/sdk.js#xfbml=1&version=v6.0\"><\/script>\r\n<div class=\"fb-post\" data-href=\"https:\/\/www.facebook.com\/cryos.scuolacalcio\/posts\/2808534552708548\" data-width=\"500\" data-show-text=\"true\"><blockquote cite=\"https:\/\/developers.facebook.com\/cryos.scuolacalcio\/posts\/2808534552708548\" class=\"fb-xfbml-parse-ignore\"><p>Il tecnico degli Esordienti biancoverdi elogia il lavoro del duo Lafratta - De Vita anche in piena emergenza...<\/p>Pubblicato da <a href=\"https:\/\/www.facebook.com\/cryos.scuolacalcio\/\">Cryos Scuola Calcio<\/a> su&nbsp;<a href=\"https:\/\/developers.facebook.com\/cryos.scuolacalcio\/posts\/2808534552708548\">Marted\u00ec 7 aprile 2020<\/a><\/blockquote><\/div>\t\t\t\t<\/div>\n\t\t\t\t\t<\/div>\n\t\t<\/div>\n\t\t\t\t\t<\/div>\n\t\t<\/section>\n\t\t\t\t<\/div>\n\t\t","protected":false},"excerpt":{"rendered":"<p>Il tecnico degli Esordienti biancoverdi elogia il lavoro del duo Lafratta &#8211; De Vita anche in piena emergenza coronavirus: &#8220;Smart working lodevole, \u00e8 l&#8217;ultima di tante iniziative che mi hanno fatto crescere come tecnico&#8221; #giovanicryos #gobears Il ritorno sui campi \u00e8 ancora lontano, ma in casa Giovani Cryos, come accade da pi\u00f9 di un mese [&hellip;]<\/p>\n","protected":false},"author":6,"featured_media":742,"comment_status":"closed","ping_status":"closed","sticky":false,"template":"","format":"standard","meta":{"footnotes":""},"categories":[5,17],"tags":[],"class_list":["post-741","post","type-post","status-publish","format-standard","has-post-thumbnail","hentry","category-blog-scuola-calcio","category-comunicati-stampa"],"_links":{"self":[{"href":"https:\/\/cryos.web.dev.crypteia.it\/index.php\/wp-json\/wp\/v2\/posts\/741","targetHints":{"allow":["GET"]}}],"collection":[{"href":"https:\/\/cryos.web.dev.crypteia.it\/index.php\/wp-json\/wp\/v2\/posts"}],"about":[{"href":"https:\/\/cryos.web.dev.crypteia.it\/index.php\/wp-json\/wp\/v2\/types\/post"}],"author":[{"embeddable":true,"href":"https:\/\/cryos.web.dev.crypteia.it\/index.php\/wp-json\/wp\/v2\/users\/6"}],"replies":[{"embeddable":true,"href":"https:\/\/cryos.web.dev.crypteia.it\/index.php\/wp-json\/wp\/v2\/comments?post=741"}],"version-history":[{"count":0,"href":"https:\/\/cryos.web.dev.crypteia.it\/index.php\/wp-json\/wp\/v2\/posts\/741\/revisions"}],"wp:featuredmedia":[{"embeddable":true,"href":"https:\/\/cryos.web.dev.crypteia.it\/index.php\/wp-json\/wp\/v2\/media\/742"}],"wp:attachment":[{"href":"https:\/\/cryos.web.dev.crypteia.it\/index.php\/wp-json\/wp\/v2\/media?parent=741"}],"wp:term":[{"taxonomy":"category","embeddable":true,"href":"https:\/\/cryos.web.dev.crypteia.it\/index.php\/wp-json\/wp\/v2\/categories?post=741"},{"taxonomy":"post_tag","embeddable":true,"href":"https:\/\/cryos.web.dev.crypteia.it\/index.php\/wp-json\/wp\/v2\/tags?post=741"}],"curies":[{"name":"wp","href":"https:\/\/api.w.org\/{rel}","templated":true}]}}