{"id":4265,"date":"2020-11-19T19:21:02","date_gmt":"2020-11-19T18:21:02","guid":{"rendered":"https:\/\/www.giovanicryos.it\/?p=3181"},"modified":"2020-11-19T19:21:02","modified_gmt":"2020-11-19T18:21:02","slug":"fabio-ancona-orgoglioso-dei-nostri-ragazzi","status":"publish","type":"post","link":"https:\/\/cryos.web.dev.crypteia.it\/index.php\/2020\/11\/19\/fabio-ancona-orgoglioso-dei-nostri-ragazzi\/","title":{"rendered":"Fabio Ancona: &#8220;Orgoglioso dei nostri ragazzi&#8221;"},"content":{"rendered":"\n<p><strong><em>Il direttore generale dell&#8217;agonistica della Giovani Cryos: &#8220;Nonostante il periodo, rispondono sempre &#8216;presente&#8217;. Il segreto dei nostri allenamenti individuali? Una grande sinergia tra tutto lo staff&#8221;<\/em><\/strong><\/p>\n\n\n\n<p>Il settore agonistico della <strong>Giovani Cryos<\/strong> non si ferma. Rispettando il protocollo entrato in vigore dall&#8217;ultimo DPCM, Under 15, Under 17 e Juniores si allenano con training individuali e rispettando il distanziamento sociale. Con ottimi risultati, come spiega il direttore generale <strong>Fabio Ancona<\/strong>: &#8220;Abbiamo la fortuna di avere uno staff tecnico di prim&#8217;ordine, composto da uomini che oltre ad essere professionali, aggiornandosi continuamente, aggiungono quella passione ed entusiasmo che fa di loro veramente figure importanti e carismatiche per i ragazzi&#8221;.<\/p>\n\n\n\n<p>I numeri sono importanti: nonostante la non prossimit\u00e0 delle gare, le assenze sui campi si possono contare sulle dita di una mano: &#8220;La presenza \u00e8 quasi totale: ogni tanto, invece, capita a noi di consigliare un po&#8217; di riposo ai ragazzi per valutare alcune situazioni di salute, visto il momento particolare. Solo dopo aver avuto la certezza che stanno bene diamo l&#8217;ok agli allenamenti. Sono davvero orgoglioso dei ragazzi, che nonostante il periodo rispondono sempre presente&#8221;.<\/p>\n\n\n\n<p>Componente fondamentale, ora come sempre, \u00e8 quella delle famiglie: &#8220;Vedono i nostri sforzi nel far allenare i ragazzi nella massima sicurezza e nel riuscire a farli sorridere&nbsp;e sono al nostro fianco: \u00e8 sempre stato cos\u00ec, adesso ancora di pi\u00f9&#8221;.<\/p>\n\n\n\n<p>Ancona poi svela il &#8220;segreto&#8221; dei training attuali: &#8220;C&#8217;\u00e8 una grande comunicazione interna. Ci organizziamo con le tipologie di allenamenti da fare con grande sinergia tra i mister Stante, Semeraro e Sermon che con il professor&nbsp;Rivizzigno e il preparatore dei portieri Ranieri, secondo me, sono veramente dei professionisti del calcio giovanile&#8221;.<\/p>\n\n\n\n<p>Prima o poi l&#8217;emergenza sar\u00e0, almeno parzialmente, alle spalle e torner\u00e0 il momento dei campionati. Le aspettative sono ovviamente importanti: &#8220;La cosa pi\u00f9 importante sar\u00e0 quella di riprendere a giocare perch\u00e9 questo significher\u00e0 che la situazione pandemica in Italia sar\u00e0 migliorata. Per l&#8217;under 15 di Sermon nonostante una base di tantissimi 2007, oltre che qualche pedina addirittura 2008,&nbsp;a supporto di qualche 2006 credo che il passaggio del turno sia alla portata dei ragazzi, che attraverso un bel calcio giocato stanno mettendo in mostra dei bei prospetti che per queste categorie \u00e8 la cosa pi\u00f9 importante. Per gli Allievi del tecnico Semeraro siamo collocati in un girone molto equilibrato e difficile ma vedo durante gli allenamenti la voglia dei ragazzi di allenarsi e stare insieme&nbsp;e se considero che a mio avviso 3\/4 elementi ancora non sono al top della forma, sono convinto che la sapiente guida di mister Lorenzo ci dar\u00e0 grandi soddisfazioni anche quest&#8217;anno. Per quanto riguarda l&#8217;ultima creatura in casa Cryos, la juniores di mister Stante, dopo le peripezie iniziali credo che abbiamo costruito una squadra che ci far\u00e0 divertire. Il nostro allenatore, che apprezzo molto, pretende il massimo da ogni atleta sia come presenze agli allenamenti che come comportamento da parte di ognuno di loro: non vedo l&#8217;ora che inizi anche questo campionato per vedere il nostro giocattolo nato&nbsp;solo ad agosto confrontarsi con realt\u00e0 consolidate del territorio jonico&#8221;.<\/p>\n","protected":false},"excerpt":{"rendered":"<p>Il direttore generale dell&#8217;agonistica della Giovani Cryos: &#8220;Nonostante il periodo, rispondono sempre &#8216;presente&#8217;. Il segreto dei nostri allenamenti individuali? Una grande sinergia tra tutto lo staff&#8221; Il settore agonistico della Giovani Cryos non si ferma. Rispettando il protocollo entrato in vigore dall&#8217;ultimo DPCM, Under 15, Under 17 e Juniores si allenano con training individuali e [&hellip;]<\/p>\n","protected":false},"author":7,"featured_media":3023,"comment_status":"closed","ping_status":"closed","sticky":false,"template":"","format":"standard","meta":{"footnotes":""},"categories":[17],"tags":[],"class_list":["post-4265","post","type-post","status-publish","format-standard","has-post-thumbnail","hentry","category-comunicati-stampa"],"_links":{"self":[{"href":"https:\/\/cryos.web.dev.crypteia.it\/index.php\/wp-json\/wp\/v2\/posts\/4265","targetHints":{"allow":["GET"]}}],"collection":[{"href":"https:\/\/cryos.web.dev.crypteia.it\/index.php\/wp-json\/wp\/v2\/posts"}],"about":[{"href":"https:\/\/cryos.web.dev.crypteia.it\/index.php\/wp-json\/wp\/v2\/types\/post"}],"author":[{"embeddable":true,"href":"https:\/\/cryos.web.dev.crypteia.it\/index.php\/wp-json\/wp\/v2\/users\/7"}],"replies":[{"embeddable":true,"href":"https:\/\/cryos.web.dev.crypteia.it\/index.php\/wp-json\/wp\/v2\/comments?post=4265"}],"version-history":[{"count":0,"href":"https:\/\/cryos.web.dev.crypteia.it\/index.php\/wp-json\/wp\/v2\/posts\/4265\/revisions"}],"wp:featuredmedia":[{"embeddable":true,"href":"https:\/\/cryos.web.dev.crypteia.it\/index.php\/wp-json\/wp\/v2\/media\/3023"}],"wp:attachment":[{"href":"https:\/\/cryos.web.dev.crypteia.it\/index.php\/wp-json\/wp\/v2\/media?parent=4265"}],"wp:term":[{"taxonomy":"category","embeddable":true,"href":"https:\/\/cryos.web.dev.crypteia.it\/index.php\/wp-json\/wp\/v2\/categories?post=4265"},{"taxonomy":"post_tag","embeddable":true,"href":"https:\/\/cryos.web.dev.crypteia.it\/index.php\/wp-json\/wp\/v2\/tags?post=4265"}],"curies":[{"name":"wp","href":"https:\/\/api.w.org\/{rel}","templated":true}]}}