{"id":4260,"date":"2020-09-19T23:37:37","date_gmt":"2020-09-19T21:37:37","guid":{"rendered":"https:\/\/www.giovanicryos.it\/?p=3003"},"modified":"2020-09-19T23:37:37","modified_gmt":"2020-09-19T21:37:37","slug":"lex-cryos-motolese-debutta-in-primavera-con-il-bologna-lafratta-unemozione-indescrivibile","status":"publish","type":"post","link":"https:\/\/cryos.web.dev.crypteia.it\/index.php\/2020\/09\/19\/lex-cryos-motolese-debutta-in-primavera-con-il-bologna-lafratta-unemozione-indescrivibile\/","title":{"rendered":"L&#8217;ex Cryos Motolese debutta in Primavera con il Bologna, Lafratta: &#8220;Un&#8217;emozione indescrivibile&#8221;"},"content":{"rendered":"\n<p><strong><em>Il difensore classe &#8217;04 \u00e8 cresciuto nella societ\u00e0 biancoverde ed \u00e8 tra i giovani pi\u00f9 promettenti dell&#8217;intero panorama calcistico giovanile italiano<\/em><\/strong><\/p>\n\n\n\n<p>Continua la favola di <strong>Mattia Motolese<\/strong>. Il giovane difensore centrale cresciuto nella <strong>Cryos <\/strong>oggi&nbsp;a Firenze ha debuttato nel campionato <strong>Primavera 1 <\/strong>con il suo <strong>Bologna<\/strong>, nella gara vinta dai felsinei contro la Fiorentina per 2-1.<\/p>\n\n\n\n<p>Il classe 2004, pertanto, continua a bruciare le tappe e dopo aver giocato sottoet\u00e0 in rossoblu le categorie Under 15, Under 16 e Under 17, comincia il suo percorso nella pi\u00f9 importante competizione giovanile italiana a soli 16 anni.<\/p>\n\n\n\n<p>La notizia ha riempito d&#8217;orgoglio la Giovani Cryos, compagine in cui Mattia \u00e8 cresciuto ed ha giocato per 5 anni (in precedenza aveva militato nella Stella Azzurra Lizzano, sua citt\u00e0 d&#8217;origine): &#8220;Un&#8217;emozione indescrivibile vederlo scendere in campo &#8211; commenta il presidente <strong>Giuseppe Lafratta<\/strong>, che sottolinea: &#8220;Motolese \u00e8 un esempio importante per chi gioca a calcio: con i sacrifici, la determinazione e la giusta ambizione si possono raggiungere risultati straordinari. Noi ci auguriamo che per lui sia solo un nuovo inizio e che il percorso possa portarlo ancora pi\u00f9 lontano&#8221;.<\/p>\n","protected":false},"excerpt":{"rendered":"<p>Il difensore classe &#8217;04 \u00e8 cresciuto nella societ\u00e0 biancoverde ed \u00e8 tra i giovani pi\u00f9 promettenti dell&#8217;intero panorama calcistico giovanile italiano Continua la favola di Mattia Motolese. Il giovane difensore centrale cresciuto nella Cryos oggi&nbsp;a Firenze ha debuttato nel campionato Primavera 1 con il suo Bologna, nella gara vinta dai felsinei contro la Fiorentina per [&hellip;]<\/p>\n","protected":false},"author":7,"featured_media":3004,"comment_status":"closed","ping_status":"closed","sticky":false,"template":"","format":"standard","meta":{"footnotes":""},"categories":[17],"tags":[],"class_list":["post-4260","post","type-post","status-publish","format-standard","has-post-thumbnail","hentry","category-comunicati-stampa"],"_links":{"self":[{"href":"https:\/\/cryos.web.dev.crypteia.it\/index.php\/wp-json\/wp\/v2\/posts\/4260","targetHints":{"allow":["GET"]}}],"collection":[{"href":"https:\/\/cryos.web.dev.crypteia.it\/index.php\/wp-json\/wp\/v2\/posts"}],"about":[{"href":"https:\/\/cryos.web.dev.crypteia.it\/index.php\/wp-json\/wp\/v2\/types\/post"}],"author":[{"embeddable":true,"href":"https:\/\/cryos.web.dev.crypteia.it\/index.php\/wp-json\/wp\/v2\/users\/7"}],"replies":[{"embeddable":true,"href":"https:\/\/cryos.web.dev.crypteia.it\/index.php\/wp-json\/wp\/v2\/comments?post=4260"}],"version-history":[{"count":0,"href":"https:\/\/cryos.web.dev.crypteia.it\/index.php\/wp-json\/wp\/v2\/posts\/4260\/revisions"}],"wp:featuredmedia":[{"embeddable":true,"href":"https:\/\/cryos.web.dev.crypteia.it\/index.php\/wp-json\/wp\/v2\/media\/3004"}],"wp:attachment":[{"href":"https:\/\/cryos.web.dev.crypteia.it\/index.php\/wp-json\/wp\/v2\/media?parent=4260"}],"wp:term":[{"taxonomy":"category","embeddable":true,"href":"https:\/\/cryos.web.dev.crypteia.it\/index.php\/wp-json\/wp\/v2\/categories?post=4260"},{"taxonomy":"post_tag","embeddable":true,"href":"https:\/\/cryos.web.dev.crypteia.it\/index.php\/wp-json\/wp\/v2\/tags?post=4260"}],"curies":[{"name":"wp","href":"https:\/\/api.w.org\/{rel}","templated":true}]}}