{"id":4253,"date":"2020-08-04T22:19:05","date_gmt":"2020-08-04T20:19:05","guid":{"rendered":"https:\/\/www.giovanicryos.it\/?p=2896"},"modified":"2020-08-04T22:19:05","modified_gmt":"2020-08-04T20:19:05","slug":"giovani-cryos-porte-blindate-arriva-lafortezza-resta-ranieri","status":"publish","type":"post","link":"https:\/\/cryos.web.dev.crypteia.it\/index.php\/2020\/08\/04\/giovani-cryos-porte-blindate-arriva-lafortezza-resta-ranieri\/","title":{"rendered":"Giovani Cryos, porte &#8220;blindate&#8221;: arriva Lafortezza, resta Ranieri"},"content":{"rendered":"\n<p><strong><em>Ufficializzati i nomi dei preparatori dei portieri per la prossima stagione: l&#8217;ex Taranto e Virtus Francavilla per la scuola calcio, il giovane ma esperto tecnico Uefa B confermato per l&#8217;agonistica<\/em><\/strong><\/p>\n\n\n\n<p>La&nbsp;<strong>Giovani Cryos<\/strong>&nbsp;&#8220;blinda&#8221; le sue porte e ufficializza i nomi dei preparatori dei portieri per la stagione 2020\/21.<\/p>\n\n\n\n<p>Per la scuola calcio si tratta di un&#8217;importante new entry:&nbsp;<strong>Francesco Lafortezza<\/strong>, tra gli allenatori degli estremi difensori pi\u00f9 stimati sul territorio, nel recente passato alla Virtus Francavilla e prima al Taranto Fc.<\/p>\n\n\n\n<p>&#8220;La scelta \u00e8 stata semplice &#8211; confessa il tecnico &#8211; e quando \u00e8 arrivata la chiamata non ci ho pensato due volte per la qualit\u00e0, la lungimiranza di una societ\u00e0 importante e la mia voglia di collaborare con staff competenti&#8221;.<\/p>\n\n\n\n<p>&#8220;La Cryos \u00e8 il club che pi\u00f9 di tutti va al passo coi tempi &#8211; conclude Lafortezza &#8211; in un periodo in cui i ragazzi hanno esigenze diverse rispetto al passato e che appunto per questo hanno bisogno di un&#8217;attenzione particolare, non pi\u00f9 voltata all&#8217;aspetto tecnico. Spero di non tradire le alte aspettative ma io cercher\u00f2 di contribuire a far crescere i piccoli portieri sotto ogni aspetto e in particolar modo far amare questo sport, aspetto fondamentale per la crescita&#8221;.<\/p>\n\n\n\n<p>Per il settore agonistico, invece, il sodalizio biancoverde ha confermato&nbsp;<strong>Daniele Ranieri<\/strong>&nbsp;dopo gli straordinari risultati della passata stagione: &#8220;Sono molto soddisfatto, questa permanenza \u00e8 motivo d&#8217;orgoglio per me. Il gruppo portieri \u00e8 pressappoco confermato in toto e in termini di continuit\u00e0 di lavoro \u00e8 molto importante. Come ogni anno cerco di mettere a disposizione degli atleti tutto quello che so per far s\u00ec che crescano come calciatori ma soprattutto come uomini. La loro crescita a 360 gradi \u00e8 fondamentale per me: l&#8217;obiettivo finale \u00e8 migliorare il loro modello prestativo tramite il lavoro ma senza tralasciare il divertimento&#8221;.<\/p>\n","protected":false},"excerpt":{"rendered":"<p>Ufficializzati i nomi dei preparatori dei portieri per la prossima stagione: l&#8217;ex Taranto e Virtus Francavilla per la scuola calcio, il giovane ma esperto tecnico Uefa B confermato per l&#8217;agonistica La&nbsp;Giovani Cryos&nbsp;&#8220;blinda&#8221; le sue porte e ufficializza i nomi dei preparatori dei portieri per la stagione 2020\/21. Per la scuola calcio si tratta di un&#8217;importante [&hellip;]<\/p>\n","protected":false},"author":7,"featured_media":2897,"comment_status":"closed","ping_status":"closed","sticky":false,"template":"","format":"standard","meta":{"footnotes":""},"categories":[17],"tags":[8],"class_list":["post-4253","post","type-post","status-publish","format-standard","has-post-thumbnail","hentry","category-comunicati-stampa","tag-giovani-cryos"],"_links":{"self":[{"href":"https:\/\/cryos.web.dev.crypteia.it\/index.php\/wp-json\/wp\/v2\/posts\/4253","targetHints":{"allow":["GET"]}}],"collection":[{"href":"https:\/\/cryos.web.dev.crypteia.it\/index.php\/wp-json\/wp\/v2\/posts"}],"about":[{"href":"https:\/\/cryos.web.dev.crypteia.it\/index.php\/wp-json\/wp\/v2\/types\/post"}],"author":[{"embeddable":true,"href":"https:\/\/cryos.web.dev.crypteia.it\/index.php\/wp-json\/wp\/v2\/users\/7"}],"replies":[{"embeddable":true,"href":"https:\/\/cryos.web.dev.crypteia.it\/index.php\/wp-json\/wp\/v2\/comments?post=4253"}],"version-history":[{"count":0,"href":"https:\/\/cryos.web.dev.crypteia.it\/index.php\/wp-json\/wp\/v2\/posts\/4253\/revisions"}],"wp:featuredmedia":[{"embeddable":true,"href":"https:\/\/cryos.web.dev.crypteia.it\/index.php\/wp-json\/wp\/v2\/media\/2897"}],"wp:attachment":[{"href":"https:\/\/cryos.web.dev.crypteia.it\/index.php\/wp-json\/wp\/v2\/media?parent=4253"}],"wp:term":[{"taxonomy":"category","embeddable":true,"href":"https:\/\/cryos.web.dev.crypteia.it\/index.php\/wp-json\/wp\/v2\/categories?post=4253"},{"taxonomy":"post_tag","embeddable":true,"href":"https:\/\/cryos.web.dev.crypteia.it\/index.php\/wp-json\/wp\/v2\/tags?post=4253"}],"curies":[{"name":"wp","href":"https:\/\/api.w.org\/{rel}","templated":true}]}}