{"id":4249,"date":"2020-06-29T09:32:11","date_gmt":"2020-06-29T07:32:11","guid":{"rendered":"https:\/\/www.giovanicryos.it\/?p=2745"},"modified":"2020-06-29T09:32:11","modified_gmt":"2020-06-29T07:32:11","slug":"semeraro-obiettivi-crescere-e-divertirsi","status":"publish","type":"post","link":"https:\/\/cryos.web.dev.crypteia.it\/index.php\/2020\/06\/29\/semeraro-obiettivi-crescere-e-divertirsi\/","title":{"rendered":"Semeraro: &#8220;Obiettivi? Crescere e divertirsi&#8221;"},"content":{"rendered":"\n<p><strong><em>Il tecnico dell&#8217;Under 17 della Giovani Cryos confermato sulla panchina biancoverde: &#8220;Ringrazio la societ\u00e0 per la fiducia nei miei confronti&#8221;<\/em><\/strong><\/p>\n\n\n\n<p>E&#8217; ufficiale:&nbsp;<strong>Lorenzo Semeraro<\/strong>&nbsp;rester\u00e0 alla guida dell&#8217;<strong>Under 17 dell&#8217;Asd Giovani Cryos<\/strong>&nbsp;anche per la prossima stagione. Il tecnico \u00e8 stato premiato dallo splendido scorso campionato, concluso al secondo posto alle spalle del Taranto, ma soprattutto dal processo di crescita che ha accompagnato la totalit\u00e0 della rosa a sua disposizione.<\/p>\n\n\n\n<p>&#8220;Ringrazio la societ\u00e0 che ha deciso di rinnovare la fiducia nei miei confronti &#8211; commenta Semeraro &#8211;&nbsp;quella passata \u00e8 stata una stagione entusiasmante e ricca di soddisfazioni in cui in primis abbiamo rispettato in pieno gli obiettivi prefissati ad inizio anno del percorso di crescita dei ragazzi ed inoltre siamo riusciti ad esprimere un calcio divertente, mettendo in pratica partita dopo partita il lavoro svolto negli allenamenti&#8221;.<\/p>\n\n\n\n<p>Si riparte con un gruppo importante e in parte formato da calciatori dello scorso torneo, dato che la squadra ha giocato con diversi atleti sotto et\u00e0: &#8220;Quest&#8217;anno andranno a comporre una base solida per la nuova stagione. Attendiamo informazioni sul nuovo format dei campionati e su come si svolgeranno, gli obiettivi rimangono quelli di sempre crescere e divertirsi, se poi dovessimo riuscire a far divertire anche chi ci segue, il lavoro sarebbe completo&#8221;.<\/p>\n\n\n\n<p>Da quest&#8217;anno, per la Cryos c&#8217;\u00e8 anche la novit\u00e0 Under 19: &#8220;Altro grande sforzo non indifferente della societ\u00e0 che negli anni vedendo interrompere diversi giovani calciatori il loro percorso ha deciso giustamente di provvedere in prima persona a dare continuit\u00e0 al lavoro svolto fino a quel momento. Sicuramente, trattandosi di una nuova esperienza, si andr\u00e0 incontro a difficolt\u00e0 anche se vista l&#8217;organizzazione e lo staff tecnico messo a disposizione per la prossima stagione \u00e8 evidente la voglia di far bene e dimostrare da subito il proprio valore&#8221;.<\/p>\n","protected":false},"excerpt":{"rendered":"<p>Il tecnico dell&#8217;Under 17 della Giovani Cryos confermato sulla panchina biancoverde: &#8220;Ringrazio la societ\u00e0 per la fiducia nei miei confronti&#8221; E&#8217; ufficiale:&nbsp;Lorenzo Semeraro&nbsp;rester\u00e0 alla guida dell&#8217;Under 17 dell&#8217;Asd Giovani Cryos&nbsp;anche per la prossima stagione. Il tecnico \u00e8 stato premiato dallo splendido scorso campionato, concluso al secondo posto alle spalle del Taranto, ma soprattutto dal processo [&hellip;]<\/p>\n","protected":false},"author":7,"featured_media":2746,"comment_status":"closed","ping_status":"closed","sticky":false,"template":"","format":"standard","meta":{"footnotes":""},"categories":[17],"tags":[8,51,14],"class_list":["post-4249","post","type-post","status-publish","format-standard","has-post-thumbnail","hentry","category-comunicati-stampa","tag-giovani-cryos","tag-lorenzo-semeraro","tag-under-17"],"_links":{"self":[{"href":"https:\/\/cryos.web.dev.crypteia.it\/index.php\/wp-json\/wp\/v2\/posts\/4249","targetHints":{"allow":["GET"]}}],"collection":[{"href":"https:\/\/cryos.web.dev.crypteia.it\/index.php\/wp-json\/wp\/v2\/posts"}],"about":[{"href":"https:\/\/cryos.web.dev.crypteia.it\/index.php\/wp-json\/wp\/v2\/types\/post"}],"author":[{"embeddable":true,"href":"https:\/\/cryos.web.dev.crypteia.it\/index.php\/wp-json\/wp\/v2\/users\/7"}],"replies":[{"embeddable":true,"href":"https:\/\/cryos.web.dev.crypteia.it\/index.php\/wp-json\/wp\/v2\/comments?post=4249"}],"version-history":[{"count":0,"href":"https:\/\/cryos.web.dev.crypteia.it\/index.php\/wp-json\/wp\/v2\/posts\/4249\/revisions"}],"wp:featuredmedia":[{"embeddable":true,"href":"https:\/\/cryos.web.dev.crypteia.it\/index.php\/wp-json\/wp\/v2\/media\/2746"}],"wp:attachment":[{"href":"https:\/\/cryos.web.dev.crypteia.it\/index.php\/wp-json\/wp\/v2\/media?parent=4249"}],"wp:term":[{"taxonomy":"category","embeddable":true,"href":"https:\/\/cryos.web.dev.crypteia.it\/index.php\/wp-json\/wp\/v2\/categories?post=4249"},{"taxonomy":"post_tag","embeddable":true,"href":"https:\/\/cryos.web.dev.crypteia.it\/index.php\/wp-json\/wp\/v2\/tags?post=4249"}],"curies":[{"name":"wp","href":"https:\/\/api.w.org\/{rel}","templated":true}]}}