{"id":4248,"date":"2020-06-26T10:18:03","date_gmt":"2020-06-26T08:18:03","guid":{"rendered":"https:\/\/www.giovanicryos.it\/?p=2705"},"modified":"2020-06-26T10:18:03","modified_gmt":"2020-06-26T08:18:03","slug":"giovani-cryos-orazio-sermon-e-il-nuovo-allenatore-dellunder-15","status":"publish","type":"post","link":"https:\/\/cryos.web.dev.crypteia.it\/index.php\/2020\/06\/26\/giovani-cryos-orazio-sermon-e-il-nuovo-allenatore-dellunder-15\/","title":{"rendered":"Giovani Cryos, Orazio Sermon \u00e8 il nuovo allenatore dell&#8217;Under 15"},"content":{"rendered":"\n<p><strong><em>Per il tecnico biancoverde \u00e8 un ritorno al passato, avendo gi\u00e0 allenato i Giovanissimi. Ieri primo allenamento al Vivisport: &#8220;L&#8217;acquisizione del centro sportivo pi\u00f9 importante della citt\u00e0 \u00e8 un altro passo notevole della societ\u00e0&#8221;<\/em><\/strong><\/p>\n\n\n\n<p>E&#8217; ufficiale. Il nuovo allenatore dell&#8217;<strong>Under 15 dell&#8217;Asd Giovani Cryos<\/strong>&nbsp;\u00e8&nbsp;<strong>Orazio Sermon<\/strong>. Il tecnico torna a guidare i Giovanissimi dopo la felicissima parentesi degli Esordienti 1\u00b0 anno della passata stagione, e subentra a&nbsp;<strong>Nicola Ungaro<\/strong>, che l&#8217;anno scorso ha vinto il proprio girone al termine di una cavalcata straordinaria e al quale la societ\u00e0 inoltra i pi\u00f9 sentiti ringraziamenti e i migliori auspici per il futuro.<\/p>\n\n\n\n<p>&#8220;Ho gi\u00e0 allenato questa categoria due anni fa &#8211; conferma Sermon &#8211;&nbsp;\u00e8&nbsp;stata una bellissima esperienza in cui abbiamo ottenuti dei buoni risultati soprattutto dal punto vista della crescita sportiva e individuale dei ragazzi che per noi allenatori del settore giovanile \u00e8 il successo &nbsp;piu&#8217; gratificante. Cercher\u00f2, come ho sempre fatto, di ripagare la fiducia della societ\u00e0, che ringrazio&#8221;.<\/p>\n\n\n\n<p>Ieri primo allenamento al Vivisport, centro sportivo che da quest&#8217;anno sar\u00e0 tra le strutture che ospiteranno i Giovani Cryos: &#8220;Siamo ripartiti. L&#8217; obiettivo \u00e8 far crescere e migliorare i ragazzi e ottenere risultati attraverso lavoro, impegno, dando il massimo in ogni \u00a0allenamento, voglia di migliorarsi e rispetto delle regole. L&#8217;acquisizione, per gli allenamenti, del Vivisport \u00e8 un altro passo molto importante da parte della societ\u00e0 che mette a disposizione dei suoi iscritti e dei suoi tecnici il miglior centro sportivo della nostra citt\u00e0 a dimostrazione della grande crescita del club, che quest&#8217;anno inizia anche la nuova avventura nel campionato Juniores regionale&#8221;.<\/p>\n\n\n\n<p>&#8220;Anche quest&#8217;anno, come lo scorso anno &#8211; aggiunge il presidente <strong>Giuseppe Lafratta<\/strong> &#8211; in Under 15 ci sar\u00e0 una predominanza di atleti che giocheranno sotto et\u00e0 e tengo a precisare che se ci saranno 2008 pi\u00f9 pronti la Cryos li far\u00e0 debuttare nel campionato regionale&#8221;.<\/p>\n","protected":false},"excerpt":{"rendered":"<p>Per il tecnico biancoverde \u00e8 un ritorno al passato, avendo gi\u00e0 allenato i Giovanissimi. Ieri primo allenamento al Vivisport: &#8220;L&#8217;acquisizione del centro sportivo pi\u00f9 importante della citt\u00e0 \u00e8 un altro passo notevole della societ\u00e0&#8221; E&#8217; ufficiale. Il nuovo allenatore dell&#8217;Under 15 dell&#8217;Asd Giovani Cryos&nbsp;\u00e8&nbsp;Orazio Sermon. Il tecnico torna a guidare i Giovanissimi dopo la felicissima [&hellip;]<\/p>\n","protected":false},"author":7,"featured_media":2706,"comment_status":"closed","ping_status":"closed","sticky":false,"template":"","format":"standard","meta":{"footnotes":""},"categories":[17],"tags":[8,46],"class_list":["post-4248","post","type-post","status-publish","format-standard","has-post-thumbnail","hentry","category-comunicati-stampa","tag-giovani-cryos","tag-under-15"],"_links":{"self":[{"href":"https:\/\/cryos.web.dev.crypteia.it\/index.php\/wp-json\/wp\/v2\/posts\/4248","targetHints":{"allow":["GET"]}}],"collection":[{"href":"https:\/\/cryos.web.dev.crypteia.it\/index.php\/wp-json\/wp\/v2\/posts"}],"about":[{"href":"https:\/\/cryos.web.dev.crypteia.it\/index.php\/wp-json\/wp\/v2\/types\/post"}],"author":[{"embeddable":true,"href":"https:\/\/cryos.web.dev.crypteia.it\/index.php\/wp-json\/wp\/v2\/users\/7"}],"replies":[{"embeddable":true,"href":"https:\/\/cryos.web.dev.crypteia.it\/index.php\/wp-json\/wp\/v2\/comments?post=4248"}],"version-history":[{"count":0,"href":"https:\/\/cryos.web.dev.crypteia.it\/index.php\/wp-json\/wp\/v2\/posts\/4248\/revisions"}],"wp:featuredmedia":[{"embeddable":true,"href":"https:\/\/cryos.web.dev.crypteia.it\/index.php\/wp-json\/wp\/v2\/media\/2706"}],"wp:attachment":[{"href":"https:\/\/cryos.web.dev.crypteia.it\/index.php\/wp-json\/wp\/v2\/media?parent=4248"}],"wp:term":[{"taxonomy":"category","embeddable":true,"href":"https:\/\/cryos.web.dev.crypteia.it\/index.php\/wp-json\/wp\/v2\/categories?post=4248"},{"taxonomy":"post_tag","embeddable":true,"href":"https:\/\/cryos.web.dev.crypteia.it\/index.php\/wp-json\/wp\/v2\/tags?post=4248"}],"curies":[{"name":"wp","href":"https:\/\/api.w.org\/{rel}","templated":true}]}}