{"id":4247,"date":"2020-06-24T22:17:30","date_gmt":"2020-06-24T20:17:30","guid":{"rendered":"https:\/\/www.giovanicryos.it\/?p=2698"},"modified":"2020-06-24T22:17:30","modified_gmt":"2020-06-24T20:17:30","slug":"giovani-cryos-si-riparte-con-lesordio-al-vivisport","status":"publish","type":"post","link":"https:\/\/cryos.web.dev.crypteia.it\/index.php\/2020\/06\/24\/giovani-cryos-si-riparte-con-lesordio-al-vivisport\/","title":{"rendered":"Giovani Cryos, si riparte con l&#8217;esordio al Vivisport"},"content":{"rendered":"\n<p><strong><em>Da domani riprendono gli allenamenti del sodalizio biancoverde: si gioca nel meraviglioso impianto di viale Unit\u00e0 d&#8217;Italia e al Centro Sportivo Olympiakos Club di Lama<\/em><\/strong><\/p>\n\n\n\n<p><strong>Cryos, finalmente si riparte.<\/strong>&nbsp;E&#8217; partito il conto alla rovescia per il ritorno sui campi degli atleti del sodalizio biancoverdi: domani, dalle 17 alle 20, si torna a calcare il manto erboso al&nbsp;<strong>Centro Sportivo &#8220;Olympiakos&#8221;<\/strong>, un vero e proprio quartier generale del club del presidente&nbsp;<strong>Lafratta<\/strong>, e nel meraviglioso impianto del&nbsp;<strong>Vivisport<\/strong>, in viale Unit\u00e0 d&#8217;Italia.<\/p>\n\n\n\n<p>La notizia arriva in concomitanza con l&#8217;ordinanza della Regione Puglia n. 259\/2020, con la quale il presidente ha stabilito che<em><strong>&nbsp;&#8220;A decorrere dal 25 giugno 2020, \u00e8 consentito lo svoglimento dello sport di contatto&#8221;<\/strong><\/em>.<\/p>\n\n\n\n<p>Dalla prossima settimana, gli allenamenti si terranno il luned\u00ec, il mercoled\u00ec e il venerd\u00ec.<ins><\/ins><\/p>\n","protected":false},"excerpt":{"rendered":"<p>Da domani riprendono gli allenamenti del sodalizio biancoverde: si gioca nel meraviglioso impianto di viale Unit\u00e0 d&#8217;Italia e al Centro Sportivo Olympiakos Club di Lama Cryos, finalmente si riparte.&nbsp;E&#8217; partito il conto alla rovescia per il ritorno sui campi degli atleti del sodalizio biancoverdi: domani, dalle 17 alle 20, si torna a calcare il manto [&hellip;]<\/p>\n","protected":false},"author":7,"featured_media":2699,"comment_status":"closed","ping_status":"closed","sticky":false,"template":"","format":"standard","meta":{"footnotes":""},"categories":[17],"tags":[8,65],"class_list":["post-4247","post","type-post","status-publish","format-standard","has-post-thumbnail","hentry","category-comunicati-stampa","tag-giovani-cryos","tag-ripartenza"],"_links":{"self":[{"href":"https:\/\/cryos.web.dev.crypteia.it\/index.php\/wp-json\/wp\/v2\/posts\/4247","targetHints":{"allow":["GET"]}}],"collection":[{"href":"https:\/\/cryos.web.dev.crypteia.it\/index.php\/wp-json\/wp\/v2\/posts"}],"about":[{"href":"https:\/\/cryos.web.dev.crypteia.it\/index.php\/wp-json\/wp\/v2\/types\/post"}],"author":[{"embeddable":true,"href":"https:\/\/cryos.web.dev.crypteia.it\/index.php\/wp-json\/wp\/v2\/users\/7"}],"replies":[{"embeddable":true,"href":"https:\/\/cryos.web.dev.crypteia.it\/index.php\/wp-json\/wp\/v2\/comments?post=4247"}],"version-history":[{"count":0,"href":"https:\/\/cryos.web.dev.crypteia.it\/index.php\/wp-json\/wp\/v2\/posts\/4247\/revisions"}],"wp:featuredmedia":[{"embeddable":true,"href":"https:\/\/cryos.web.dev.crypteia.it\/index.php\/wp-json\/wp\/v2\/media\/2699"}],"wp:attachment":[{"href":"https:\/\/cryos.web.dev.crypteia.it\/index.php\/wp-json\/wp\/v2\/media?parent=4247"}],"wp:term":[{"taxonomy":"category","embeddable":true,"href":"https:\/\/cryos.web.dev.crypteia.it\/index.php\/wp-json\/wp\/v2\/categories?post=4247"},{"taxonomy":"post_tag","embeddable":true,"href":"https:\/\/cryos.web.dev.crypteia.it\/index.php\/wp-json\/wp\/v2\/tags?post=4247"}],"curies":[{"name":"wp","href":"https:\/\/api.w.org\/{rel}","templated":true}]}}