{"id":4239,"date":"2020-06-02T00:34:31","date_gmt":"2020-06-01T22:34:31","guid":{"rendered":"https:\/\/www.giovanicryos.it\/?p=2583"},"modified":"2020-06-02T00:34:31","modified_gmt":"2020-06-01T22:34:31","slug":"gentile-non-vediamo-lora-di-ripartire","status":"publish","type":"post","link":"https:\/\/cryos.web.dev.crypteia.it\/index.php\/2020\/06\/02\/gentile-non-vediamo-lora-di-ripartire\/","title":{"rendered":"Gentile: &#8220;Non vediamo l&#8217;ora di ripartire&#8221;"},"content":{"rendered":"\n<p><strong><em>Il coordinatore delle attivit\u00e0 motorio-coordinative delle categorie Primi Calci e Piccoli Amici della Giovani Cryos non ha dubbi: &#8220;La societ\u00e0 ha grandi progetti per il futuro&#8221;<\/em><\/strong><\/p>\n\n\n\n<p>Il motore \u00e8 caldo, a breve si riparte. Il tempo di controllare per bene gli specchietti e cominciare a muoversi in piena sicurezza. La macchina dell&#8217;Asd Giovani Cryos \u00e8 pronta a macinare nuovamente chilometri o, meglio, vederli macinare ai suoi giovani atleti della scuola calcio. Nelle prossime ore si attende il protocollo della Figc che stabilir\u00e0 i criteri per una ripartenza sicura: &#8220;Ora \u00e8 difficile fare delle previsioni sul ritorno sul campo &#8211; commenta Claudio Gentile, coordinatore delle attivit\u00e0 motorio-coordinative delle categorie Primi Calci e Piccoli Amici &#8211; anche se sono sicuro che i ragazzi non vedano l\u2019ora. Personalmente credo che garantire la sicurezza, in primis dei ragazzi e poi dei genitori e degli istruttori, sia l\u2019aspetto principale per il ritorno all\u2019attivit\u00e0 e sono sicuro che da questo punto di vista la societ\u00e0 non si far\u00e0 trovare impreparata. Noi tutti non vediamo l\u2019ora di ripartire e sicuramente i ragazzi molto pi\u00f9 di noi e spero che tutto si risolva il prima possibile&#8221;.<\/p>\n\n\n\n<p>Il &#8220;prof&#8221;, come \u00e8 stato ribattezzato in Casa Cryos, non dimentica il periodo buio appena trascorso, con il covid &#8211; 19 che da impedimento si \u00e8 per\u00f2 tramutato in opportunit\u00e0 grazie al lavoro da remoto: &#8220;Questo imprevisto si \u00e8 presentato all\u2019improvviso e da un momento all\u2019altro ci siamo ritrovati a dover fare a meno degli allenamenti con i nostri ragazzini. Per chi come me ha a che fare con le fasce di et\u00e0 pi\u00f9 piccole \u00e8 un colpo duro perch\u00e9 con loro ti senti anche tu di nuovo bambino e spesso impari molto pi\u00f9 tu di quanto non facciano loro. Fortunatamente per\u00f2 la societ\u00e0 con questa geniale idea di smart working e con le videochiamate che teniamo periodicamente non ci ha fatto sentire la mancanza dei nostri piccoli allievi i quali hanno sicuramente risposto sempre alla grande&#8221;.<\/p>\n\n\n\n<p>Lo sguardo \u00e8 gi\u00e0 alla prossima stagione: &#8220;La societ\u00e0, nelle persone di Giuseppe Lafratta e Fabio De Vita, ha grandi progetti per quanto riguarda il futuro. Sono persone eccezionali dal punto di vista umano e hanno le idee molto chiare per come far funzionare un progetto del genere. Lo stesso dicasi per tutte le altre persone che ho avuto la fortuna di conoscere. Sono parte di questa scuola calcio da pochissimo tempo e tutti i componenti dello staff si sono rivelate persone fantastiche&#8221;.<\/p>\n","protected":false},"excerpt":{"rendered":"<p>Il coordinatore delle attivit\u00e0 motorio-coordinative delle categorie Primi Calci e Piccoli Amici della Giovani Cryos non ha dubbi: &#8220;La societ\u00e0 ha grandi progetti per il futuro&#8221; Il motore \u00e8 caldo, a breve si riparte. Il tempo di controllare per bene gli specchietti e cominciare a muoversi in piena sicurezza. La macchina dell&#8217;Asd Giovani Cryos \u00e8 [&hellip;]<\/p>\n","protected":false},"author":7,"featured_media":2584,"comment_status":"closed","ping_status":"closed","sticky":false,"template":"","format":"standard","meta":{"footnotes":""},"categories":[17],"tags":[6,61],"class_list":["post-4239","post","type-post","status-publish","format-standard","has-post-thumbnail","hentry","category-comunicati-stampa","tag-cryos","tag-gentile"],"_links":{"self":[{"href":"https:\/\/cryos.web.dev.crypteia.it\/index.php\/wp-json\/wp\/v2\/posts\/4239","targetHints":{"allow":["GET"]}}],"collection":[{"href":"https:\/\/cryos.web.dev.crypteia.it\/index.php\/wp-json\/wp\/v2\/posts"}],"about":[{"href":"https:\/\/cryos.web.dev.crypteia.it\/index.php\/wp-json\/wp\/v2\/types\/post"}],"author":[{"embeddable":true,"href":"https:\/\/cryos.web.dev.crypteia.it\/index.php\/wp-json\/wp\/v2\/users\/7"}],"replies":[{"embeddable":true,"href":"https:\/\/cryos.web.dev.crypteia.it\/index.php\/wp-json\/wp\/v2\/comments?post=4239"}],"version-history":[{"count":0,"href":"https:\/\/cryos.web.dev.crypteia.it\/index.php\/wp-json\/wp\/v2\/posts\/4239\/revisions"}],"wp:featuredmedia":[{"embeddable":true,"href":"https:\/\/cryos.web.dev.crypteia.it\/index.php\/wp-json\/wp\/v2\/media\/2584"}],"wp:attachment":[{"href":"https:\/\/cryos.web.dev.crypteia.it\/index.php\/wp-json\/wp\/v2\/media?parent=4239"}],"wp:term":[{"taxonomy":"category","embeddable":true,"href":"https:\/\/cryos.web.dev.crypteia.it\/index.php\/wp-json\/wp\/v2\/categories?post=4239"},{"taxonomy":"post_tag","embeddable":true,"href":"https:\/\/cryos.web.dev.crypteia.it\/index.php\/wp-json\/wp\/v2\/tags?post=4239"}],"curies":[{"name":"wp","href":"https:\/\/api.w.org\/{rel}","templated":true}]}}