{"id":4235,"date":"2020-05-18T15:30:06","date_gmt":"2020-05-18T13:30:06","guid":{"rendered":"https:\/\/www.giovanicryos.it\/?p=2460"},"modified":"2020-05-18T15:30:06","modified_gmt":"2020-05-18T13:30:06","slug":"lia-il-ritorno-sui-campi-la-cryos-si-fara-trovare-pronta-nel-rispetto-delle-regole","status":"publish","type":"post","link":"https:\/\/cryos.web.dev.crypteia.it\/index.php\/2020\/05\/18\/lia-il-ritorno-sui-campi-la-cryos-si-fara-trovare-pronta-nel-rispetto-delle-regole\/","title":{"rendered":"Lia: &#8220;Il ritorno sui campi? La Cryos si far\u00e0 trovare pronta nel rispetto delle regole&#8221;"},"content":{"rendered":"\n<p><strong><em>Il responsabile tecnico della societ\u00e0 biancoverde non ha dubbi: &#8220;In questo periodo non ci siamo demoralizzati e abbiamo trovato la strada per continuare il rapporto con i nostri atleti&#8221;<\/em><\/strong><\/p>\n\n\n\n<p>Si intravede la luce in fondo al tunnel e il ritorno sui campi di gioco non \u00e8 poi cos\u00ec lontano. L&#8217;<strong>Asd Giovani Cryos<\/strong>, che comunque con costanti formazioni a distanza e challenge continua il percorso con i suoi atleti, ha avuto nel suo responsabile tecnico Alessandro Lia una figura importante durante la fase pi\u00f9 acuta dell&#8217;emergenza covid &#8211; 19.<\/p>\n\n\n\n<p>&#8220;Inizialmente non \u00e8 stato semplice &#8211; commenta l&#8217;apprezzato tecnico, in carriera premiato anche con il&nbsp;<strong>Premio Atleta di Taranto<\/strong>&nbsp;&#8211; ma devo dire che appena abbiamo ricevuto le prime notizie certe sulla pericolosit\u00e0 del virus, siamo stati prontissimi a sospendere tutte le attivit\u00e0 senza indugi cercando di proteggere per prima cosa la salute dei nostri atleti. Superato il primo momento di incertezza ho approfittato per studiare e approfondire le mie conoscenze in materia di metodologia di allenamento, psicologia sportiva anche attraverso canali internazionali con i quali sono in contatto&#8221;. &nbsp;<ins><\/ins><\/p>\n\n\n\n<p>&#8220;La societ\u00e0 grazie all\u2019instancabile duo Lafratta &#8211; De Vita &#8211; continua Lia,&nbsp;&nbsp;Tecnico Uefa-B e anche coordinatore della societ\u00e0 presso il Centro Sportivo Palamazzola di Taranto &#8211; si \u00e8 anche attivata per permettere a tutti i tecnici di seguire degli incontri online di aggiornamento di ottimo livello con professionisti del nostro campo e permetterci di crescere ulteriormente. Inutile dire che il campo mi manca tanto, anche perch\u00e9 ormai sono passati quasi tre mesi dagli ultimi allenamenti, mi manca il rapporto diretto con i ragazzi e i bambini, con i collaboratori, lo staff, manca la quotidianit\u00e0&#8221;.<br><br>&#8220;Ho percepito presto che questa situazione potesse creare delle instabilit\u00e0 nei giovani, dei momenti in cui venivano meno delle certezze. Con la societ\u00e0 ci siamo mossi prontamente per far sentire la nostra vicinanza nei confronti dei nostri ragazzi con una serie di iniziative importanti. Dallo smart working, con il duplice scopo di dare un minimo di linee guida di allenamento in casa ma anche per farci sentire vicini e dare un senso di continuit\u00e0 al nostro percorso, ma anche al giornalino, che ora vede protagonisti anche gli atleti che iniziano a scrivere loro riflessioni, abbiamo sensibilizzato le famiglie a seguire una corretta alimentazione, organizziamo anche degli incontri \u201cvirtuali\u201d per vederci e stare comunque in contatto. Poi vorrei anche sottolineare l\u2019importanza di aver dato la possibilit\u00e0 ai ragazzi di partecipare allo \u201cSkill Challenge\u201d che sta permettendo ai ragazzi di mettersi alla prova con pari et\u00e0 a livello internazionale. In questo senso siamo stati resilienti, non ci siamo demoralizzati e abbiamo trovato la strada per continuare il rapporto con i nostri atleti&#8221;.<ins><\/ins><\/p>\n\n\n\n<p>Il nuovo dpcm ha ridato respiro allo sport italiano, ma per le riaperture delle scuole calcio ancora non c&#8217;\u00e8 una data precisa: &#8220;Vorrei tanto dare un parere ma ad ora mi sembra prematuro esprimersi. Vediamo come si evolve la situazione e credo che molto dipender\u00e0 dell\u2019andamento dei contagi in questa fase 2. Anche i professionisti navigano a vista ma ho una certezza, quando il governo dar\u00e0 le direttive per un possibile ritorno la ASD Giovani Cryos si far\u00e0 trovare pronta sempre nel rispetto delle regola mettendo, com\u2019\u00e8 stato gi\u00e0 all\u2019inizio, la sicurezza e la salute degli atleti davanti a tutto&#8221;.<ins><\/ins><\/p>\n\n\n\n<p>Sullo smartworking applicato dal club: &#8220;Sono stato uno dei fautori di questa iniziativa insieme a tutto lo staff. Ho sempre creduto che fosse molto utile perch\u00e9 &nbsp;avrebbe distratto i ragazzi dal brutto momento e li avrebbe stimolati ad allenarsi. La risposta \u00e8 stata grandiosa, abbiamo visto molti ragazzi impegnarsi tanto, ma anche dar sfogo alla propria fantasia nel fare questi giochi. Dai pi\u00f9 piccoli ai pi\u00f9 grandi sono stati bravissimi: a loro mando un abbraccio \u201cvirtuale\u201d fortissimo, mi mancano tutti, con le loro famiglie e chiedo di tener duro ancora un altro po\u2019 sperando di poterci vedere sui campi e divertirci insieme quanto prima&#8221;.<\/p>\n","protected":false},"excerpt":{"rendered":"<p>Il responsabile tecnico della societ\u00e0 biancoverde non ha dubbi: &#8220;In questo periodo non ci siamo demoralizzati e abbiamo trovato la strada per continuare il rapporto con i nostri atleti&#8221; Si intravede la luce in fondo al tunnel e il ritorno sui campi di gioco non \u00e8 poi cos\u00ec lontano. L&#8217;Asd Giovani Cryos, che comunque con [&hellip;]<\/p>\n","protected":false},"author":7,"featured_media":2461,"comment_status":"closed","ping_status":"closed","sticky":false,"template":"","format":"standard","meta":{"footnotes":""},"categories":[17],"tags":[54,8,55,56],"class_list":["post-4235","post","type-post","status-publish","format-standard","has-post-thumbnail","hentry","category-comunicati-stampa","tag-alessandro-lia","tag-giovani-cryos","tag-ripresa","tag-scuola-calcio"],"_links":{"self":[{"href":"https:\/\/cryos.web.dev.crypteia.it\/index.php\/wp-json\/wp\/v2\/posts\/4235","targetHints":{"allow":["GET"]}}],"collection":[{"href":"https:\/\/cryos.web.dev.crypteia.it\/index.php\/wp-json\/wp\/v2\/posts"}],"about":[{"href":"https:\/\/cryos.web.dev.crypteia.it\/index.php\/wp-json\/wp\/v2\/types\/post"}],"author":[{"embeddable":true,"href":"https:\/\/cryos.web.dev.crypteia.it\/index.php\/wp-json\/wp\/v2\/users\/7"}],"replies":[{"embeddable":true,"href":"https:\/\/cryos.web.dev.crypteia.it\/index.php\/wp-json\/wp\/v2\/comments?post=4235"}],"version-history":[{"count":0,"href":"https:\/\/cryos.web.dev.crypteia.it\/index.php\/wp-json\/wp\/v2\/posts\/4235\/revisions"}],"wp:featuredmedia":[{"embeddable":true,"href":"https:\/\/cryos.web.dev.crypteia.it\/index.php\/wp-json\/wp\/v2\/media\/2461"}],"wp:attachment":[{"href":"https:\/\/cryos.web.dev.crypteia.it\/index.php\/wp-json\/wp\/v2\/media?parent=4235"}],"wp:term":[{"taxonomy":"category","embeddable":true,"href":"https:\/\/cryos.web.dev.crypteia.it\/index.php\/wp-json\/wp\/v2\/categories?post=4235"},{"taxonomy":"post_tag","embeddable":true,"href":"https:\/\/cryos.web.dev.crypteia.it\/index.php\/wp-json\/wp\/v2\/tags?post=4235"}],"curies":[{"name":"wp","href":"https:\/\/api.w.org\/{rel}","templated":true}]}}