{"id":4234,"date":"2020-05-12T14:51:46","date_gmt":"2020-05-12T12:51:46","guid":{"rendered":"https:\/\/www.giovanicryos.it\/?p=2361"},"modified":"2020-05-12T14:51:46","modified_gmt":"2020-05-12T12:51:46","slug":"rivizzigno-la-cryos-ha-dimostrato-grandi-capacita-di-adattamento-e-trasformazione","status":"publish","type":"post","link":"https:\/\/cryos.web.dev.crypteia.it\/index.php\/2020\/05\/12\/rivizzigno-la-cryos-ha-dimostrato-grandi-capacita-di-adattamento-e-trasformazione\/","title":{"rendered":"Rivizzigno: &#8220;La Cryos ha dimostrato grandi capacit\u00e0 di adattamento e trasformazione&#8221;"},"content":{"rendered":"\n<p><strong><em>Il responsabile delle attivit\u00e0 coordinative e preparatore fisico dell\u2019attivit\u00e0 agonistica della societ\u00e0 biancoverde: &#8220;Legami rafforzati: orgoglioso di far parte di un&#8217;unica grande famiglia&#8221;<\/em><\/strong><\/p>\n\n\n\n<p>Un periodo di riflessione utile per studiare e aggiornarsi. Questo \u00e8 stato, in sintesi, l&#8217;ultimo bimestre di&nbsp;<strong>Mino Rivizzigno<\/strong>, responsabile delle attivit\u00e0 coordinative e preparatore fisico dell\u2019attivit\u00e0 agonistica della&nbsp;<strong>Giovani Cryos<\/strong>, ai box, come quasi tutto il mondo sportivo, a causa dell&#8217;emergenza legata al covid &#8211; 19.<\/p>\n\n\n\n<p>&#8220;In questi mesi \u00e8 stato tutto molto strano. Prima del covid ero in campo almeno 6 giorni su 7, praticamente la mia quotidianit\u00e0. Di colpo, mi son dovuto adattare: ho approfittato di tutto questo tempo libero per approfondire i miei studi e confrontarmi con tanti professionisti: ho cercato di investire su me stesso, devo dire con risultati gratificanti e ho ancora pi\u00f9 fame di prima. Certo, il campo mi manca moltissimo&#8221;.<ins><\/ins><\/p>\n\n\n\n<p>Qual \u00e8 stata la strada indicata dal &#8220;prof&#8221; (come \u00e8 stato ribattezzato all&#8217;interno del sodalizio biancoverde) in queste settimane cos\u00ec difficili? &#8220;In piena quarantena credo che il compito pi\u00f9 difficile sia stato prima di tutto dare loro forza e motivazione per non mollare. In questo senso lo sport \u00e8 maestro di vita e il modo in cui hanno risposto ha riempito di orgoglio tutti noi. Ai pi\u00f9 piccoli ho chiesto creativit\u00e0 ed iniziativa, facendo costruire a loro stessi le esercitazioni e stimolandoli ad utilizzare tutto ci\u00f2 che avevano in &#8216;strumenti da lavoro'&#8221;.<ins><\/ins><\/p>\n\n\n\n<p>&#8220;Con i pi\u00f9 grandicelli &#8211; continua Rivizzigno &#8211; ho costruito programmi su misura, considerando ci\u00f2 che era possibile fare all&#8217;interno delle 4 mura di casa, cercando di tenere una forma fisica accettabile e fornendo stimoli coordinativi comunque allenanti. Ho creato anche delle sfide in cui si stanno cimentando, con risultati e classifiche, per tenere viva la sana competizione e quindi la motivazione&#8221;.<\/p>\n\n\n\n<p>Inevitabile l&#8217;elogio alla Cryos, autentico punto di riferimento sul territorio per lo smartworking applicato ad una scuola calcio: &#8220;La Cryos tutta ha dimostrato grandi capacit\u00e0 di adattamento e trasformazione. Dal presidente Lafratta e il direttore De Vita, fino ai dirigenti ed istruttori, tutti hanno saputo reinventarsi e cimentarsi in questa nuova realt\u00e0, dando dimostrazione di come la nostra societ\u00e0 non sia una semplice scuola calcio, ma un vero e proprio veicolo sociale e formativo a 360\u00b0. Societ\u00e0, staff, ragazzi e genitori: legami che si sono ancor pi\u00f9 rafforzati in queste settimane e che ci rendono ancora pi\u00f9 orgogliosi e consapevoli di far parte di un&#8217;unica grande famiglia&#8221;.<\/p>\n","protected":false},"excerpt":{"rendered":"<p>Il responsabile delle attivit\u00e0 coordinative e preparatore fisico dell\u2019attivit\u00e0 agonistica della societ\u00e0 biancoverde: &#8220;Legami rafforzati: orgoglioso di far parte di un&#8217;unica grande famiglia&#8221; Un periodo di riflessione utile per studiare e aggiornarsi. Questo \u00e8 stato, in sintesi, l&#8217;ultimo bimestre di&nbsp;Mino Rivizzigno, responsabile delle attivit\u00e0 coordinative e preparatore fisico dell\u2019attivit\u00e0 agonistica della&nbsp;Giovani Cryos, ai box, come [&hellip;]<\/p>\n","protected":false},"author":7,"featured_media":2363,"comment_status":"closed","ping_status":"closed","sticky":false,"template":"","format":"standard","meta":{"footnotes":""},"categories":[17],"tags":[8,53],"class_list":["post-4234","post","type-post","status-publish","format-standard","has-post-thumbnail","hentry","category-comunicati-stampa","tag-giovani-cryos","tag-mino-rivizzigno"],"_links":{"self":[{"href":"https:\/\/cryos.web.dev.crypteia.it\/index.php\/wp-json\/wp\/v2\/posts\/4234","targetHints":{"allow":["GET"]}}],"collection":[{"href":"https:\/\/cryos.web.dev.crypteia.it\/index.php\/wp-json\/wp\/v2\/posts"}],"about":[{"href":"https:\/\/cryos.web.dev.crypteia.it\/index.php\/wp-json\/wp\/v2\/types\/post"}],"author":[{"embeddable":true,"href":"https:\/\/cryos.web.dev.crypteia.it\/index.php\/wp-json\/wp\/v2\/users\/7"}],"replies":[{"embeddable":true,"href":"https:\/\/cryos.web.dev.crypteia.it\/index.php\/wp-json\/wp\/v2\/comments?post=4234"}],"version-history":[{"count":0,"href":"https:\/\/cryos.web.dev.crypteia.it\/index.php\/wp-json\/wp\/v2\/posts\/4234\/revisions"}],"wp:featuredmedia":[{"embeddable":true,"href":"https:\/\/cryos.web.dev.crypteia.it\/index.php\/wp-json\/wp\/v2\/media\/2363"}],"wp:attachment":[{"href":"https:\/\/cryos.web.dev.crypteia.it\/index.php\/wp-json\/wp\/v2\/media?parent=4234"}],"wp:term":[{"taxonomy":"category","embeddable":true,"href":"https:\/\/cryos.web.dev.crypteia.it\/index.php\/wp-json\/wp\/v2\/categories?post=4234"},{"taxonomy":"post_tag","embeddable":true,"href":"https:\/\/cryos.web.dev.crypteia.it\/index.php\/wp-json\/wp\/v2\/tags?post=4234"}],"curies":[{"name":"wp","href":"https:\/\/api.w.org\/{rel}","templated":true}]}}