{"id":4232,"date":"2020-05-06T14:21:51","date_gmt":"2020-05-06T12:21:51","guid":{"rendered":"https:\/\/www.giovanicryos.it\/?p=2013"},"modified":"2020-05-06T14:21:51","modified_gmt":"2020-05-06T12:21:51","slug":"semeraro-il-coronavirus-non-ci-ha-fermato-stiamo-ponendo-le-basi-per-le-nuove-stagioni","status":"publish","type":"post","link":"https:\/\/cryos.web.dev.crypteia.it\/index.php\/2020\/05\/06\/semeraro-il-coronavirus-non-ci-ha-fermato-stiamo-ponendo-le-basi-per-le-nuove-stagioni\/","title":{"rendered":"Semeraro: &#8220;Il coronavirus non ci ha fermato, stiamo ponendo le basi per le nuove stagioni&#8221;"},"content":{"rendered":"\n<p>Il tecnico degli Under 17 della Giovani Cryos: &#8220;Avrei voluto regalare la soddisfazione della vittoria del campionato ai miei ragazzi, ma stiamo costruendo per il futuro. Lo smartworking? Eccezionale risposta da parte di tutti&#8221;<\/p>\n\n\n\n<p>Stagione straordinaria per gli Under 17 della&nbsp;<strong>Giovani Cryos<\/strong>, conclusa con un ottimo secondo posto dietro al Taranto e maturato solo all&#8217;ultima giornata dopo un intero campionato condotto al vertice. Ne \u00e8 consapevole e, ovviamente soddisfatto, il tecnico&nbsp;<strong>Lorenzo Semeraro<\/strong>: &#8220;Una stagione davvero positiva dove siamo riusciti innanzitutto a valorizzare il tanto impegno e la relativa crescita dei ragazzi. Mi sarebbe piaciuto regalargli la soddisfazione della vittoria del campionato come gratifica dei tanti sacrifici fatti ma purtroppo nel calcio ci sta di perdere lo scontro diretto all&#8217;ultima di campionato. Come la fine di ogni anno calcistico andando ad esaminare il lavoro svolto c&#8217;\u00e8 sempre tanto da migliorare e qualcosa da modificare e proprio da questi cambiamenti che bisogna porre le basi per le nuove stagioni&#8221;.<\/p>\n\n\n\n<p>L&#8217;epilogo anticipato della stagione a causa del coronavirus ha condizionato solo parzialmente il percorso formativo degli Allievi biancoverdi, grazie ad un&#8217;ottima applicazione dello smartworking: &#8220;Da subito tutti noi dello staff siamo stati entusiasti di questa iniziativa ma la cosa davvero eccezionale \u00e8 stata la risposta dei ragazzi che fin dai primi giorni hanno risposto tutti con seriet\u00e0 ed impegno. Chiaramente tenendo presente la disponibilit\u00e0 degli spazi e del materiale a disposizione con il prof. Si cerca sempre di elaborare una tipologia di lavoro che soddisfi un po&#8217; tutte le esigenze dei ragazzi. Si tratta di piccoli cicli di lavoro che prevedono una parte atletica dei gesti tecnici con il pallone e delle vere e proprie skills&#8221;.<ins><\/ins><\/p>\n\n\n\n<p>Importante, per\u00f2, per superare questo periodo cos\u00ec particolare, \u00e8 stato l&#8217;approccio psicologico: &#8220;Adesso abbiamo un po&#8217; tutti metabolizzato la situazione, ma all&#8217;inizio \u00e8 stato difficile soprattutto riuscire a gestire le emozioni negative dei ragazzi. Fortunatamente riusciamo a tenerci in contatto quotidianamente, sia con i messaggi di gruppo che con le videoconferenze in attesa di poter ritomare a lavorare sui campi tutti insieme&#8221;.<ins><\/ins><\/p>\n\n\n\n<p>Infine, \u00e8 tempo di bilanci e quelli di mister Lorenzo Semeraro non possono che essere positivi: &#8220;Sono semplicemente orgoglioso dei ragazzi per come hanno affrontato quest&#8217;avventura dall&#8217;inizio alla fine, considerando che al giorno d&#8217;oggi gli interessi e le distrazioni extracalcistiche sono innumerevoli il loro comportamento \u00e8 stato esemplare. I collaboratori o &#8220;compagni di viaggio&#8221; meritano tutta la mia stima, mister Ranieri ha svolto un ottimo lavoro con tutti i portieri, il prof Rivizzigno ha messo a disposizione dei ragazzi tutta la sua professionalit\u00e0 ed i risultati sono stati notevoli, il segretario Gallotta sempre preciso, disponibile ed informato su qualsiasi argomento ed infine il direttore sportivo Ancona che meriterebbe un capitolo a parte per disponibilit\u00e0, conoscenze e correttezza nei rapporti personali con atleti e famiglie&#8221;.<\/p>\n","protected":false},"excerpt":{"rendered":"<p>Il tecnico degli Under 17 della Giovani Cryos: &#8220;Avrei voluto regalare la soddisfazione della vittoria del campionato ai miei ragazzi, ma stiamo costruendo per il futuro. Lo smartworking? Eccezionale risposta da parte di tutti&#8221; Stagione straordinaria per gli Under 17 della&nbsp;Giovani Cryos, conclusa con un ottimo secondo posto dietro al Taranto e maturato solo all&#8217;ultima [&hellip;]<\/p>\n","protected":false},"author":7,"featured_media":2014,"comment_status":"closed","ping_status":"closed","sticky":false,"template":"","format":"standard","meta":{"footnotes":""},"categories":[17],"tags":[8,51,14],"class_list":["post-4232","post","type-post","status-publish","format-standard","has-post-thumbnail","hentry","category-comunicati-stampa","tag-giovani-cryos","tag-lorenzo-semeraro","tag-under-17"],"_links":{"self":[{"href":"https:\/\/cryos.web.dev.crypteia.it\/index.php\/wp-json\/wp\/v2\/posts\/4232","targetHints":{"allow":["GET"]}}],"collection":[{"href":"https:\/\/cryos.web.dev.crypteia.it\/index.php\/wp-json\/wp\/v2\/posts"}],"about":[{"href":"https:\/\/cryos.web.dev.crypteia.it\/index.php\/wp-json\/wp\/v2\/types\/post"}],"author":[{"embeddable":true,"href":"https:\/\/cryos.web.dev.crypteia.it\/index.php\/wp-json\/wp\/v2\/users\/7"}],"replies":[{"embeddable":true,"href":"https:\/\/cryos.web.dev.crypteia.it\/index.php\/wp-json\/wp\/v2\/comments?post=4232"}],"version-history":[{"count":0,"href":"https:\/\/cryos.web.dev.crypteia.it\/index.php\/wp-json\/wp\/v2\/posts\/4232\/revisions"}],"wp:featuredmedia":[{"embeddable":true,"href":"https:\/\/cryos.web.dev.crypteia.it\/index.php\/wp-json\/wp\/v2\/media\/2014"}],"wp:attachment":[{"href":"https:\/\/cryos.web.dev.crypteia.it\/index.php\/wp-json\/wp\/v2\/media?parent=4232"}],"wp:term":[{"taxonomy":"category","embeddable":true,"href":"https:\/\/cryos.web.dev.crypteia.it\/index.php\/wp-json\/wp\/v2\/categories?post=4232"},{"taxonomy":"post_tag","embeddable":true,"href":"https:\/\/cryos.web.dev.crypteia.it\/index.php\/wp-json\/wp\/v2\/tags?post=4232"}],"curies":[{"name":"wp","href":"https:\/\/api.w.org\/{rel}","templated":true}]}}