{"id":4227,"date":"2020-04-26T10:42:51","date_gmt":"2020-04-26T08:42:51","guid":{"rendered":"https:\/\/www.giovanicryos.it\/?p=1460"},"modified":"2020-04-26T10:42:51","modified_gmt":"2020-04-26T08:42:51","slug":"sermon-orgoglioso-delle-iniziative-della-giovani-cryos","status":"publish","type":"post","link":"https:\/\/cryos.web.dev.crypteia.it\/index.php\/2020\/04\/26\/sermon-orgoglioso-delle-iniziative-della-giovani-cryos\/","title":{"rendered":"Sermon: &#8220;Orgoglioso delle iniziative della Giovani Cryos&#8221;"},"content":{"rendered":"\n<p><strong><em>Il tecnico degli Esordienti 1\u00b0 anno della societ\u00e0 biancoverde: &#8220;I nostri ragazzi stanno dimostrando una grande maturit\u00e0, il rapporto con loro \u00e8 speciale&#8221;<\/em><\/strong><\/p>\n\n\n\n<p>In fondo al tunnel scavato dal covid &#8211; 19 si intravede finalmente la luce. I dati incoraggianti che arrivano negli ultimi giorni lasciano ben sperare per una ripresa graduale delle attivit\u00e0 quotidiane e avvicinano, anche se non si ancora quanto, il ritorno sui campi degli atleti dell&#8217;<strong>Asd Giovani Cryos<\/strong>.<\/p>\n\n\n\n<p>&#8220;Provo un sentimento contrastante in questi giorni cos\u00ec complicati &#8211; confessa il tecnico degli\u00a0<strong>Esordienti 1\u00b0 anno Orazio Sermon<\/strong>\u00a0&#8211; perch\u00e9\u00a0a livello personale vivo questo difficile momento con tristezza pensando a tutte le vittime che purtroppo hanno perso la vita a causa di questo virus e pensando ai loro familiari che hanno perso i loro cari senza poterli salutare per l&#8217;ultima volta, ma anche con speranza pensando a tutti quelli che hanno sconfitto il virus e questo ci d\u00e0 la forza per guardare in avanti e lo stimolo per continuare a rispettare le restrizioni che governo ci impone in questo momento e di mollare mai e rispettare le regole come siamo abituati e sono abituati a fare i nostri ragazzi \u00a0durante una partita di calcio&#8221;.<\/p>\n\n\n\n<p>Un legame gi\u00e0 forte, quello con i suoi ragazzi, si \u00e8 ulteriormente rafforzato in questo periodo di lontananza forzata: &#8220;Il rapporto con i ragazzi \u00e8 speciale ed \u00e8 diventato pi\u00f9 forte&nbsp;in questo momento di difficolt\u00e0, stanno giorno dopo giorno dimostrando una grande maturit\u00e0 e bisogna fargi i complimenti per come stanno affrontando questo periodo di quaratena: ci teniamo in contatto quasi quotidianamente attraverso messaggi, video e videoconferenze&#8221;.<ins><\/ins><\/p>\n\n\n\n<p>La Giovani Cryos, anche a detta dei massimi vertici federali SGS della Figc, \u00e8 tra le societ\u00e0 pi\u00f9 virtuose in ambito smartworking, avendo saputo coniugare l&#8217;utilizzo dei nuovi mezzi multimediali alle indiscusse competenze dello staff tecnico e dirigenziale: &#8220;Siamo orgogliosi di questo&nbsp;e di tante altre iniziative che la nostra societ\u00e0 mette a disposizione per i ragazzi, da parte loro c&#8217;\u00e8 gandissima partecipazione,&nbsp;inviandoci quotidianamente i&nbsp; video delle esercitazioni a dimostrazione che \u00e8 un&#8217;iniziativa molto apprezzata e che &nbsp;hanno tanta voglia di allenarsi e ritornare al pi\u00f9 presto a farlo con i loro compagni. A loro mando un abbraccio fortissimo, con la speranza di poterli rivedere il pi\u00f9 presto possibile&#8221;.<\/p>\n","protected":false},"excerpt":{"rendered":"<p>Il tecnico degli Esordienti 1\u00b0 anno della societ\u00e0 biancoverde: &#8220;I nostri ragazzi stanno dimostrando una grande maturit\u00e0, il rapporto con loro \u00e8 speciale&#8221; In fondo al tunnel scavato dal covid &#8211; 19 si intravede finalmente la luce. I dati incoraggianti che arrivano negli ultimi giorni lasciano ben sperare per una ripresa graduale delle attivit\u00e0 quotidiane [&hellip;]<\/p>\n","protected":false},"author":7,"featured_media":1461,"comment_status":"closed","ping_status":"closed","sticky":false,"template":"","format":"standard","meta":{"footnotes":""},"categories":[17],"tags":[42,8,43,31],"class_list":["post-4227","post","type-post","status-publish","format-standard","has-post-thumbnail","hentry","category-comunicati-stampa","tag-esordienti","tag-giovani-cryos","tag-orazio-sermon","tag-taranto"],"_links":{"self":[{"href":"https:\/\/cryos.web.dev.crypteia.it\/index.php\/wp-json\/wp\/v2\/posts\/4227","targetHints":{"allow":["GET"]}}],"collection":[{"href":"https:\/\/cryos.web.dev.crypteia.it\/index.php\/wp-json\/wp\/v2\/posts"}],"about":[{"href":"https:\/\/cryos.web.dev.crypteia.it\/index.php\/wp-json\/wp\/v2\/types\/post"}],"author":[{"embeddable":true,"href":"https:\/\/cryos.web.dev.crypteia.it\/index.php\/wp-json\/wp\/v2\/users\/7"}],"replies":[{"embeddable":true,"href":"https:\/\/cryos.web.dev.crypteia.it\/index.php\/wp-json\/wp\/v2\/comments?post=4227"}],"version-history":[{"count":0,"href":"https:\/\/cryos.web.dev.crypteia.it\/index.php\/wp-json\/wp\/v2\/posts\/4227\/revisions"}],"wp:featuredmedia":[{"embeddable":true,"href":"https:\/\/cryos.web.dev.crypteia.it\/index.php\/wp-json\/wp\/v2\/media\/1461"}],"wp:attachment":[{"href":"https:\/\/cryos.web.dev.crypteia.it\/index.php\/wp-json\/wp\/v2\/media?parent=4227"}],"wp:term":[{"taxonomy":"category","embeddable":true,"href":"https:\/\/cryos.web.dev.crypteia.it\/index.php\/wp-json\/wp\/v2\/categories?post=4227"},{"taxonomy":"post_tag","embeddable":true,"href":"https:\/\/cryos.web.dev.crypteia.it\/index.php\/wp-json\/wp\/v2\/tags?post=4227"}],"curies":[{"name":"wp","href":"https:\/\/api.w.org\/{rel}","templated":true}]}}