{"id":4220,"date":"2020-04-02T15:13:00","date_gmt":"2020-04-02T15:13:00","guid":{"rendered":"https:\/\/www.giovanicryos.it\/?p=765"},"modified":"2020-04-02T15:13:00","modified_gmt":"2020-04-02T15:13:00","slug":"tedeschi-mi-manca-abbracciare-i-miei-atleti-smart-working-la-cryos-e-sempre-avanti","status":"publish","type":"post","link":"https:\/\/cryos.web.dev.crypteia.it\/index.php\/2020\/04\/02\/tedeschi-mi-manca-abbracciare-i-miei-atleti-smart-working-la-cryos-e-sempre-avanti\/","title":{"rendered":"Tedeschi: &#8220;Mi manca abbracciare i miei atleti. Smart working? La Cryos \u00e8 sempre avanti&#8221;"},"content":{"rendered":"<style>.elementor-widget-section .eael-protected-content-message{font-family:var( --e-global-typography-secondary-font-family ), Sans-serif;font-weight:var( --e-global-typography-secondary-font-weight );}.elementor-widget-section .protected-content-error-msg{font-family:var( --e-global-typography-secondary-font-family ), Sans-serif;font-weight:var( --e-global-typography-secondary-font-weight );}.elementor-widget-text-editor{font-family:var( --e-global-typography-text-font-family ), Sans-serif;font-weight:var( --e-global-typography-text-font-weight );}.elementor-widget-text-editor .eael-protected-content-message{font-family:var( --e-global-typography-secondary-font-family ), Sans-serif;font-weight:var( --e-global-typography-secondary-font-weight );}.elementor-widget-text-editor .protected-content-error-msg{font-family:var( --e-global-typography-secondary-font-family ), Sans-serif;font-weight:var( --e-global-typography-secondary-font-weight );}.elementor-4220 .elementor-element.elementor-element-1f63b44{font-family:\"Tahoma\", Sans-serif;font-size:20px;}.elementor-widget-spacer .eael-protected-content-message{font-family:var( --e-global-typography-secondary-font-family ), Sans-serif;font-weight:var( --e-global-typography-secondary-font-weight );}.elementor-widget-spacer .protected-content-error-msg{font-family:var( --e-global-typography-secondary-font-family ), Sans-serif;font-weight:var( --e-global-typography-secondary-font-weight );}.elementor-4220 .elementor-element.elementor-element-336a308{--spacer-size:50px;}.elementor-4220 .elementor-element.elementor-element-b092d46{--spacer-size:20px;}.elementor-widget-html .eael-protected-content-message{font-family:var( --e-global-typography-secondary-font-family ), Sans-serif;font-weight:var( --e-global-typography-secondary-font-weight );}.elementor-widget-html .protected-content-error-msg{font-family:var( --e-global-typography-secondary-font-family ), Sans-serif;font-weight:var( --e-global-typography-secondary-font-weight );}<\/style>\t\t<div data-elementor-type=\"wp-post\" data-elementor-id=\"4220\" class=\"elementor elementor-4220\" data-elementor-post-type=\"post\">\n\t\t\t\t\t\t<section data-particle_enable=\"false\" data-particle-mobile-disabled=\"false\" class=\"elementor-section elementor-top-section elementor-element elementor-element-e93a8bd elementor-section-boxed elementor-section-height-default elementor-section-height-default\" data-id=\"e93a8bd\" data-element_type=\"section\" data-e-type=\"section\" data-settings=\"{&quot;profecient_background_motion_effects_toggle&quot;:0,&quot;profecient_custom_cursor_toggle&quot;:false,&quot;profecient_parallax_effects_toggle&quot;:0,&quot;profecient_mouse_effects_toggle&quot;:0}\">\n\t\t\t\t\t\t<div class=\"elementor-container elementor-column-gap-default\">\n\t\t\t\t\t<div class=\"elementor-column elementor-col-100 elementor-top-column elementor-element elementor-element-d270a8b\" data-id=\"d270a8b\" data-element_type=\"column\" data-e-type=\"column\" data-settings=\"{&quot;profecient_background_motion_effects_toggle&quot;:0,&quot;profecient_custom_cursor_toggle&quot;:false,&quot;profecient_parallax_effects_toggle&quot;:0,&quot;profecient_mouse_effects_toggle&quot;:0}\">\n\t\t\t<div class=\"elementor-widget-wrap elementor-element-populated\">\n\t\t\t\t\t\t<div class=\"elementor-element elementor-element-1f63b44 elementor-widget elementor-widget-text-editor\" data-id=\"1f63b44\" data-element_type=\"widget\" data-e-type=\"widget\" data-widget_type=\"text-editor.default\">\n\t\t\t\t\t\t\t\t\t<p>Il formatore degli Esordienti 2007 e Pulcini 2009 del sodalizio biancoverde: &#8220;I bambini stanno rispondendo alla grande inviando video bellissimi e anche divertenti&#8221;<\/p>\t\t\t\t\t\t\t\t<\/div>\n\t\t\t\t\t<\/div>\n\t\t<\/div>\n\t\t\t\t\t<\/div>\n\t\t<\/section>\n\t\t\t\t<section data-particle_enable=\"false\" data-particle-mobile-disabled=\"false\" class=\"elementor-section elementor-top-section elementor-element elementor-element-6d04a17 elementor-section-boxed elementor-section-height-default elementor-section-height-default\" data-id=\"6d04a17\" data-element_type=\"section\" data-e-type=\"section\" data-settings=\"{&quot;profecient_background_motion_effects_toggle&quot;:0,&quot;profecient_custom_cursor_toggle&quot;:false,&quot;profecient_parallax_effects_toggle&quot;:0,&quot;profecient_mouse_effects_toggle&quot;:0}\">\n\t\t\t\t\t\t<div class=\"elementor-container elementor-column-gap-default\">\n\t\t\t\t\t<div class=\"elementor-column elementor-col-100 elementor-top-column elementor-element elementor-element-f065e20\" data-id=\"f065e20\" data-element_type=\"column\" data-e-type=\"column\" data-settings=\"{&quot;profecient_background_motion_effects_toggle&quot;:0,&quot;profecient_custom_cursor_toggle&quot;:false,&quot;profecient_parallax_effects_toggle&quot;:0,&quot;profecient_mouse_effects_toggle&quot;:0}\">\n\t\t\t<div class=\"elementor-widget-wrap elementor-element-populated\">\n\t\t\t\t\t\t<div class=\"elementor-element elementor-element-336a308 elementor-widget elementor-widget-spacer\" data-id=\"336a308\" data-element_type=\"widget\" data-e-type=\"widget\" data-widget_type=\"spacer.default\">\n\t\t\t\t\t\t\t<div class=\"elementor-spacer\">\n\t\t\t<div class=\"elementor-spacer-inner\"><\/div>\n\t\t<\/div>\n\t\t\t\t\t\t<\/div>\n\t\t\t\t<div class=\"elementor-element elementor-element-82ba583 elementor-widget elementor-widget-text-editor\" data-id=\"82ba583\" data-element_type=\"widget\" data-e-type=\"widget\" data-widget_type=\"text-editor.default\">\n\t\t\t\t\t\t\t\t\t<p>Continua lo stop, forzato ma comunque proficuo, dell&#8217;Asd Giovani Cryos, alla luce dell&#8217;ormai nota emergenza legata al Covid &#8211; 19.\nProficuo perch\u00e9 il sodalizio del presidente Giuseppe Lafratta non ha mai smesso di stare vicino ai propri atleti, attraverso uno smart working mirato ed applicato perfettamente a tutte le categorie della scuola calcio e dell&#8217;agonistica.\n\nTra i tecnici biancoverdi c&#8217;\u00e8 il formatore degli Esordienti 2007 e Pulcini 2009 Michele Tedeschi: &#8220;A livello personale mi sforzo di vivere questa situazione serenamente:<\/p>\t\t\t\t\t\t\t\t<\/div>\n\t\t\t\t\t<\/div>\n\t\t<\/div>\n\t\t\t\t\t<\/div>\n\t\t<\/section>\n\t\t\t\t<section data-particle_enable=\"false\" data-particle-mobile-disabled=\"false\" class=\"elementor-section elementor-top-section elementor-element elementor-element-8b36c67 elementor-section-boxed elementor-section-height-default elementor-section-height-default\" data-id=\"8b36c67\" data-element_type=\"section\" data-e-type=\"section\" data-settings=\"{&quot;profecient_background_motion_effects_toggle&quot;:0,&quot;profecient_custom_cursor_toggle&quot;:false,&quot;profecient_parallax_effects_toggle&quot;:0,&quot;profecient_mouse_effects_toggle&quot;:0}\">\n\t\t\t\t\t\t<div class=\"elementor-container elementor-column-gap-default\">\n\t\t\t\t\t<div class=\"elementor-column elementor-col-100 elementor-top-column elementor-element elementor-element-0b2a496\" data-id=\"0b2a496\" data-element_type=\"column\" data-e-type=\"column\" data-settings=\"{&quot;profecient_background_motion_effects_toggle&quot;:0,&quot;profecient_custom_cursor_toggle&quot;:false,&quot;profecient_parallax_effects_toggle&quot;:0,&quot;profecient_mouse_effects_toggle&quot;:0}\">\n\t\t\t<div class=\"elementor-widget-wrap elementor-element-populated\">\n\t\t\t\t\t\t<div class=\"elementor-element elementor-element-b092d46 elementor-widget elementor-widget-spacer\" data-id=\"b092d46\" data-element_type=\"widget\" data-e-type=\"widget\" data-widget_type=\"spacer.default\">\n\t\t\t\t\t\t\t<div class=\"elementor-spacer\">\n\t\t\t<div class=\"elementor-spacer-inner\"><\/div>\n\t\t<\/div>\n\t\t\t\t\t\t<\/div>\n\t\t\t\t\t<\/div>\n\t\t<\/div>\n\t\t\t\t\t<\/div>\n\t\t<\/section>\n\t\t\t\t<section data-particle_enable=\"false\" data-particle-mobile-disabled=\"false\" class=\"elementor-section elementor-top-section elementor-element elementor-element-01f51f7 elementor-section-boxed elementor-section-height-default elementor-section-height-default\" data-id=\"01f51f7\" data-element_type=\"section\" data-e-type=\"section\" data-settings=\"{&quot;profecient_background_motion_effects_toggle&quot;:0,&quot;profecient_custom_cursor_toggle&quot;:false,&quot;profecient_parallax_effects_toggle&quot;:0,&quot;profecient_mouse_effects_toggle&quot;:0}\">\n\t\t\t\t\t\t<div class=\"elementor-container elementor-column-gap-default\">\n\t\t\t\t\t<div class=\"elementor-column elementor-col-100 elementor-top-column elementor-element elementor-element-2d8bdd3\" data-id=\"2d8bdd3\" data-element_type=\"column\" data-e-type=\"column\" data-settings=\"{&quot;profecient_background_motion_effects_toggle&quot;:0,&quot;profecient_custom_cursor_toggle&quot;:false,&quot;profecient_parallax_effects_toggle&quot;:0,&quot;profecient_mouse_effects_toggle&quot;:0}\">\n\t\t\t<div class=\"elementor-widget-wrap elementor-element-populated\">\n\t\t\t\t\t\t<div class=\"elementor-element elementor-element-6459209 elementor-widget elementor-widget-text-editor\" data-id=\"6459209\" data-element_type=\"widget\" data-e-type=\"widget\" data-widget_type=\"text-editor.default\">\n\t\t\t\t\t\t\t\t\t<p> caratterialmente sono uno che non si lascia prendere dal panico, tuttavia la mia famiglia \u00e8 in prima linea, ho in casa due infermieri che lavorano in una struttura sanitaria locale, io lavoro in un&#8217;azienda che offre servizi di prima necessit\u00e0 e quindi alterno smart working a casa e sportello al pubblico in ufficio e poi c&#8217;\u00e8 anche mia figlia che continua a seguire on line le lezioni universitarie. Come disse il grande De Filippo &#8216;Adda passa a nuttat'&#8221;.\n\n&#8220;Mi manca moltissimo il rapporto con i miei piccoli 46 allievi &#8211; sottolinea Tedeschi &#8211; mi manca il loro sorriso che mi accoglie all&#8217;arrivo al centro sportivo e immediatamente spazza via le i problemi e le tensioni di una intera giornata di lavoro&#8230; ma mancano anche le loro proteste, marachelle, lamentele, le loro espressioni. Comunque c&#8217;\u00e8 sempre l&#8217;occasione per scambiare qualche video o messaggio vocale coi bambini attraverso i gruppi che abbiamo coi genitori delle varie squadre&#8221;.\n\nSul grande successo ottenuto dallo smart working organizzato dalla societ\u00e0: &#8220;Il nostro presidente \u00e8 sempre avanti, studia sempre insieme ai pi\u00f9 stretti collaboratori novit\u00e0 per migliorare la qualit\u00e0 del servizio che la Cryos mette a disposizione dei nostri bambini e le rispettive famiglie, cos\u00ec come Fabio De Vita cura in maniera costante e aggiornata tutti gli aspetti tecnici mettendoci in condizione di lavorare al meglio. Non \u00e8 un caso che la Cryos si sia ritagliata una posizione di primo piano nel panorama calcistico giovanile pugliese. Lo smart working \u00e8 solo l&#8217;ultimo di tanti esempi e i bambini stanno rispondendo alla grande inviando video bellissimi e anche divertenti&#8221;.\n\n&#8220;In attesa dei veri abbracci sul campo &#8211; conclude mister Tedeschi &#8211; invio un grande abbraccio virtuale a tutti i bambini della nostra scuola calcio e all&#8217;intero staff Cryos e, in particolar modo, anche ai genitori che in linea coi programmi societari hanno fatto sempre la loro parte con pazienza e disponibilit\u00e0&#8221;.<\/p>\t\t\t\t\t\t\t\t<\/div>\n\t\t\t\t\t<\/div>\n\t\t<\/div>\n\t\t\t\t\t<\/div>\n\t\t<\/section>\n\t\t\t\t<section data-particle_enable=\"false\" data-particle-mobile-disabled=\"false\" class=\"elementor-section elementor-top-section elementor-element elementor-element-eae5114 elementor-section-boxed elementor-section-height-default elementor-section-height-default\" data-id=\"eae5114\" data-element_type=\"section\" data-e-type=\"section\" data-settings=\"{&quot;profecient_background_motion_effects_toggle&quot;:0,&quot;profecient_custom_cursor_toggle&quot;:false,&quot;profecient_parallax_effects_toggle&quot;:0,&quot;profecient_mouse_effects_toggle&quot;:0}\">\n\t\t\t\t\t\t<div class=\"elementor-container elementor-column-gap-default\">\n\t\t\t\t\t<div class=\"elementor-column elementor-col-100 elementor-top-column elementor-element elementor-element-ec8404c\" data-id=\"ec8404c\" data-element_type=\"column\" data-e-type=\"column\" data-settings=\"{&quot;profecient_background_motion_effects_toggle&quot;:0,&quot;profecient_custom_cursor_toggle&quot;:false,&quot;profecient_parallax_effects_toggle&quot;:0,&quot;profecient_mouse_effects_toggle&quot;:0}\">\n\t\t\t<div class=\"elementor-widget-wrap elementor-element-populated\">\n\t\t\t\t\t\t<div class=\"elementor-element elementor-element-0cf2ce1 elementor-widget elementor-widget-html\" data-id=\"0cf2ce1\" data-element_type=\"widget\" data-e-type=\"widget\" data-widget_type=\"html.default\">\n\t\t\t\t\t<div id=\"fb-root\"><\/div>\r\n<script async defer crossorigin=\"anonymous\" src=\"https:\/\/connect.facebook.net\/it_IT\/sdk.js#xfbml=1&version=v6.0\"><\/script>\r\n<div class=\"fb-post\" data-href=\"https:\/\/www.facebook.com\/cryos.scuolacalcio\/posts\/2804091339819536\" data-width=\"500\" data-show-text=\"true\"><blockquote cite=\"https:\/\/developers.facebook.com\/cryos.scuolacalcio\/posts\/2804091339819536\" class=\"fb-xfbml-parse-ignore\"><p>Il formatore degli Esordienti 2007 e Pulcini 2009 del sodalizio biancoverde: &quot;I bambini stanno rispondendo alla grande inviando video bellissimi e anche divertenti&quot;\r\n\r\n#giovanicryos #gobears<\/p>Pubblicato da <a href=\"https:\/\/www.facebook.com\/cryos.scuolacalcio\/\">Cryos Scuola Calcio<\/a> su&nbsp;<a href=\"https:\/\/developers.facebook.com\/cryos.scuolacalcio\/posts\/2804091339819536\">Gioved\u00ec 2 aprile 2020<\/a><\/blockquote><\/div>\t\t\t\t<\/div>\n\t\t\t\t\t<\/div>\n\t\t<\/div>\n\t\t\t\t\t<\/div>\n\t\t<\/section>\n\t\t\t\t<\/div>\n\t\t","protected":false},"excerpt":{"rendered":"<p>Il formatore degli Esordienti 2007 e Pulcini 2009 del sodalizio biancoverde: &#8220;I bambini stanno rispondendo alla grande inviando video bellissimi e anche divertenti&#8221; Continua lo stop, forzato ma comunque proficuo, dell&#8217;Asd Giovani Cryos, alla luce dell&#8217;ormai nota emergenza legata al Covid &#8211; 19. Proficuo perch\u00e9 il sodalizio del presidente Giuseppe Lafratta non ha mai smesso [&hellip;]<\/p>\n","protected":false},"author":6,"featured_media":766,"comment_status":"closed","ping_status":"closed","sticky":false,"template":"","format":"standard","meta":{"footnotes":""},"categories":[17],"tags":[],"class_list":["post-4220","post","type-post","status-publish","format-standard","has-post-thumbnail","hentry","category-comunicati-stampa"],"_links":{"self":[{"href":"https:\/\/cryos.web.dev.crypteia.it\/index.php\/wp-json\/wp\/v2\/posts\/4220","targetHints":{"allow":["GET"]}}],"collection":[{"href":"https:\/\/cryos.web.dev.crypteia.it\/index.php\/wp-json\/wp\/v2\/posts"}],"about":[{"href":"https:\/\/cryos.web.dev.crypteia.it\/index.php\/wp-json\/wp\/v2\/types\/post"}],"author":[{"embeddable":true,"href":"https:\/\/cryos.web.dev.crypteia.it\/index.php\/wp-json\/wp\/v2\/users\/6"}],"replies":[{"embeddable":true,"href":"https:\/\/cryos.web.dev.crypteia.it\/index.php\/wp-json\/wp\/v2\/comments?post=4220"}],"version-history":[{"count":0,"href":"https:\/\/cryos.web.dev.crypteia.it\/index.php\/wp-json\/wp\/v2\/posts\/4220\/revisions"}],"wp:featuredmedia":[{"embeddable":true,"href":"https:\/\/cryos.web.dev.crypteia.it\/index.php\/wp-json\/wp\/v2\/media\/766"}],"wp:attachment":[{"href":"https:\/\/cryos.web.dev.crypteia.it\/index.php\/wp-json\/wp\/v2\/media?parent=4220"}],"wp:term":[{"taxonomy":"category","embeddable":true,"href":"https:\/\/cryos.web.dev.crypteia.it\/index.php\/wp-json\/wp\/v2\/categories?post=4220"},{"taxonomy":"post_tag","embeddable":true,"href":"https:\/\/cryos.web.dev.crypteia.it\/index.php\/wp-json\/wp\/v2\/tags?post=4220"}],"curies":[{"name":"wp","href":"https:\/\/api.w.org\/{rel}","templated":true}]}}