{"id":3667,"date":"2021-07-10T11:01:30","date_gmt":"2021-07-10T09:01:30","guid":{"rendered":"https:\/\/www.giovanicryos.it\/?p=3667"},"modified":"2021-07-10T11:01:30","modified_gmt":"2021-07-10T09:01:30","slug":"giovani-cryos-a-talsano-raduni-per-juniores-under-17-e-under-15","status":"publish","type":"post","link":"https:\/\/cryos.web.dev.crypteia.it\/index.php\/2021\/07\/10\/giovani-cryos-a-talsano-raduni-per-juniores-under-17-e-under-15\/","title":{"rendered":"Giovani Cryos, a Talsano raduni per Juniores, Under 17 e Under 15"},"content":{"rendered":"\n<p><strong><em>Il 14 e 16 luglio al &#8220;Renzino Paradiso&#8221;. Il responsabile dell&#8217;agonistica Fabio Ancona: &#8220;Il nostro obiettivo \u00e8 come sempre esaltare la crescita degli atleti&#8221;<\/em><\/strong><\/p>\n\n\n\n<p>La&nbsp;<strong>Giovani Cryos&nbsp;<\/strong>non va in ferie. Anzi, \u00e8 gi\u00e0 al lavoro da settimane per programmare al meglio la stagione 2021\/22.<\/p>\n\n\n\n<p>Per il settore agonistico, la societ\u00e0 del presidente&nbsp;<strong>Giuseppe La Fratta<\/strong>&nbsp;e del direttore&nbsp;<strong>Fabio De Vita<\/strong>, ha organizzato due raduni selettivi: il&nbsp;<strong>14 luglio alle 18&nbsp;<\/strong>per le categorie&nbsp;<strong>Juniores<\/strong>(2002\/03\/04) e<strong>&nbsp;Under 17<\/strong>&nbsp;(2005\/06) e il&nbsp;<strong>16 luglio, sempre alle 18<\/strong>, per gli&nbsp;<strong>Under 15 Regionali<\/strong>(2007\/08\/09, et\u00e0 minima 12 anni compiuti).<\/p>\n\n\n\n<p>La sede di entrambi gli eventi sar\u00e0 il campo comunale &#8220;Renzino Paradiso&#8221; di Talsano.<\/p>\n\n\n\n<p>&#8220;Ci aspettiamo tanti ragazzi pronti ad iniziare con noi una nuova avventura &#8211; dichiara il responsabile dell&#8217;agonistica Cryos&nbsp;<strong>Fabio Ancona<\/strong>&nbsp;&#8211; perch\u00e9 ci auguriamo che sia l&#8217;anno della definitiva ripartenza del calcio giovanile. Il nostro obiettivo \u00e8, come sempre, esaltare la crescita dei ragazzi, con umilt\u00e0 e in un contesto pulito&#8221;.<\/p>\n\n\n\n<p>Per i partecipanti, \u00e8 obbligatorio il certificato medico in corso di validit\u00e0 e il nulla osta se tesserati con altre societ\u00e0. Per entrare in struttura \u00e8 necessario indossare la mascherina.<\/p>\n\n\n\n<p><strong>Per informazioni, \u00e8 possibile contattare Fabio Ancona al 3807421054.<\/strong><\/p>\n","protected":false},"excerpt":{"rendered":"<p>Il 14 e 16 luglio al &#8220;Renzino Paradiso&#8221;. Il responsabile dell&#8217;agonistica Fabio Ancona: &#8220;Il nostro obiettivo \u00e8 come sempre esaltare la crescita degli atleti&#8221; La&nbsp;Giovani Cryos&nbsp;non va in ferie. Anzi, \u00e8 gi\u00e0 al lavoro da settimane per programmare al meglio la stagione 2021\/22. Per il settore agonistico, la societ\u00e0 del presidente&nbsp;Giuseppe La Fratta&nbsp;e del direttore&nbsp;Fabio [&hellip;]<\/p>\n","protected":false},"author":7,"featured_media":3668,"comment_status":"closed","ping_status":"closed","sticky":false,"template":"","format":"standard","meta":{"footnotes":""},"categories":[17],"tags":[],"class_list":["post-3667","post","type-post","status-publish","format-standard","has-post-thumbnail","hentry","category-comunicati-stampa"],"_links":{"self":[{"href":"https:\/\/cryos.web.dev.crypteia.it\/index.php\/wp-json\/wp\/v2\/posts\/3667","targetHints":{"allow":["GET"]}}],"collection":[{"href":"https:\/\/cryos.web.dev.crypteia.it\/index.php\/wp-json\/wp\/v2\/posts"}],"about":[{"href":"https:\/\/cryos.web.dev.crypteia.it\/index.php\/wp-json\/wp\/v2\/types\/post"}],"author":[{"embeddable":true,"href":"https:\/\/cryos.web.dev.crypteia.it\/index.php\/wp-json\/wp\/v2\/users\/7"}],"replies":[{"embeddable":true,"href":"https:\/\/cryos.web.dev.crypteia.it\/index.php\/wp-json\/wp\/v2\/comments?post=3667"}],"version-history":[{"count":0,"href":"https:\/\/cryos.web.dev.crypteia.it\/index.php\/wp-json\/wp\/v2\/posts\/3667\/revisions"}],"wp:featuredmedia":[{"embeddable":true,"href":"https:\/\/cryos.web.dev.crypteia.it\/index.php\/wp-json\/wp\/v2\/media\/3668"}],"wp:attachment":[{"href":"https:\/\/cryos.web.dev.crypteia.it\/index.php\/wp-json\/wp\/v2\/media?parent=3667"}],"wp:term":[{"taxonomy":"category","embeddable":true,"href":"https:\/\/cryos.web.dev.crypteia.it\/index.php\/wp-json\/wp\/v2\/categories?post=3667"},{"taxonomy":"post_tag","embeddable":true,"href":"https:\/\/cryos.web.dev.crypteia.it\/index.php\/wp-json\/wp\/v2\/tags?post=3667"}],"curies":[{"name":"wp","href":"https:\/\/api.w.org\/{rel}","templated":true}]}}