{"id":2950,"date":"2020-08-18T22:03:51","date_gmt":"2020-08-18T20:03:51","guid":{"rendered":"https:\/\/www.giovanicryos.it\/?p=2950"},"modified":"2020-08-18T22:03:51","modified_gmt":"2020-08-18T20:03:51","slug":"michele-collocolo-dalla-cryos-al-cesena","status":"publish","type":"post","link":"https:\/\/cryos.web.dev.crypteia.it\/index.php\/2020\/08\/18\/michele-collocolo-dalla-cryos-al-cesena\/","title":{"rendered":"Michele Collocolo dalla Cryos al Cesena"},"content":{"rendered":"\n<p><strong><em>Il centrocampista classe &#8217;99 si \u00e8 formato nella societ\u00e0 biancoverde. L&#8217;anno scorso \u00e8 stato protagonista a Rende<\/em><\/strong><\/p>\n\n\n\n<p>Arriva un&#8217;altra grande soddisfazione in casa <strong>Giovani Cryos<\/strong>.<\/p>\n\n\n\n<p>Continua, infatti, il percorso di crescita di <strong>Michele Collocolo<\/strong>, centrocampista classe &#8217;99, cresciuto calcisticamente proprio nel club del presidente <strong>Giuseppe Lafratta<\/strong>, che nelle scorse ore ha firmato per il <strong>Cesena<\/strong>.<\/p>\n\n\n\n<p>\u201cIl Cesena FC &#8211; si legge nella nota ufficiale della societ\u00e0 bianconera &#8211; comunica di aver proceduto in data odierna al tesseramento del calciatore Michele Collocolo che si \u00e8 legato al club bianconero fino al 30 giugno 2023. Nato a Taranto l\u20198 novembre 1999, il centrocampista ha disputato l\u2019ultima stagione nelle file del Rende, totalizzando 27 presenze e mettendo a segno una rete mentre in quella precedente aveva disputato il campionato di serie D nel Francavilla, collezionando 29 gettoni (un gol). Tra i professionisti ha vestito anche la maglia del Cosenza, scendendo in campo tre volte tra il 2015 e il 2018. Nei prossimi giorni Collocolo \u00e8 atteso dalle visite mediche, quindi si sottoporr\u00e0 a test sierologico e tampone prima di mettersi a disposizione del tecnico William Viali\u201d.<\/p>\n","protected":false},"excerpt":{"rendered":"<p>Il centrocampista classe &#8217;99 si \u00e8 formato nella societ\u00e0 biancoverde. L&#8217;anno scorso \u00e8 stato protagonista a Rende Arriva un&#8217;altra grande soddisfazione in casa Giovani Cryos. Continua, infatti, il percorso di crescita di Michele Collocolo, centrocampista classe &#8217;99, cresciuto calcisticamente proprio nel club del presidente Giuseppe Lafratta, che nelle scorse ore ha firmato per il Cesena. [&hellip;]<\/p>\n","protected":false},"author":7,"featured_media":2951,"comment_status":"closed","ping_status":"closed","sticky":false,"template":"","format":"standard","meta":{"footnotes":""},"categories":[17],"tags":[8,73],"class_list":["post-2950","post","type-post","status-publish","format-standard","has-post-thumbnail","hentry","category-comunicati-stampa","tag-giovani-cryos","tag-michele-collocolo"],"_links":{"self":[{"href":"https:\/\/cryos.web.dev.crypteia.it\/index.php\/wp-json\/wp\/v2\/posts\/2950","targetHints":{"allow":["GET"]}}],"collection":[{"href":"https:\/\/cryos.web.dev.crypteia.it\/index.php\/wp-json\/wp\/v2\/posts"}],"about":[{"href":"https:\/\/cryos.web.dev.crypteia.it\/index.php\/wp-json\/wp\/v2\/types\/post"}],"author":[{"embeddable":true,"href":"https:\/\/cryos.web.dev.crypteia.it\/index.php\/wp-json\/wp\/v2\/users\/7"}],"replies":[{"embeddable":true,"href":"https:\/\/cryos.web.dev.crypteia.it\/index.php\/wp-json\/wp\/v2\/comments?post=2950"}],"version-history":[{"count":0,"href":"https:\/\/cryos.web.dev.crypteia.it\/index.php\/wp-json\/wp\/v2\/posts\/2950\/revisions"}],"wp:featuredmedia":[{"embeddable":true,"href":"https:\/\/cryos.web.dev.crypteia.it\/index.php\/wp-json\/wp\/v2\/media\/2951"}],"wp:attachment":[{"href":"https:\/\/cryos.web.dev.crypteia.it\/index.php\/wp-json\/wp\/v2\/media?parent=2950"}],"wp:term":[{"taxonomy":"category","embeddable":true,"href":"https:\/\/cryos.web.dev.crypteia.it\/index.php\/wp-json\/wp\/v2\/categories?post=2950"},{"taxonomy":"post_tag","embeddable":true,"href":"https:\/\/cryos.web.dev.crypteia.it\/index.php\/wp-json\/wp\/v2\/tags?post=2950"}],"curies":[{"name":"wp","href":"https:\/\/api.w.org\/{rel}","templated":true}]}}