{"id":2753,"date":"2020-07-05T10:35:28","date_gmt":"2020-07-05T08:35:28","guid":{"rendered":"https:\/\/www.giovanicryos.it\/?p=2753"},"modified":"2020-07-05T10:35:28","modified_gmt":"2020-07-05T08:35:28","slug":"giovani-cryos-pronto-il-primo-raduno-per-juniores-e-under-17","status":"publish","type":"post","link":"https:\/\/cryos.web.dev.crypteia.it\/index.php\/2020\/07\/05\/giovani-cryos-pronto-il-primo-raduno-per-juniores-e-under-17\/","title":{"rendered":"Giovani Cryos, pronto il primo raduno per Juniores e Under 17"},"content":{"rendered":"\n<p>La societ\u00e0 biancoverde ufficializza luogo e data: sar\u00e0 al campo &#8220;Vivere solidale&#8221; di Paolo VI alle 17.30 di marted\u00ec 21 luglio. Per info \u00e8 possibile contattare i numeri 3281089905 e 3807421054<\/p>\n\n\n\n<p>E&#8217; tutto pronto per il primo raduno&nbsp;<strong>Juniores&nbsp;<\/strong>e&nbsp;<strong>Under 17&nbsp;<\/strong>della&nbsp;<strong>Giovani Cryos<\/strong>, che si terr\u00e0 marted\u00ec 21 luglio alle ore 17.30 e sar\u00e0 destinato ai nati dal 2002 al 2005.<\/p>\n\n\n\n<p>Gli atleti &#8211; precisa la societ\u00e0 &#8211; dovranno venire gi\u00e0 forniti di certificato medico per attivit\u00e0 &#8220;agonistica&#8221; in corso di validit\u00e0. Non saranno accettati certificati non rilasciati dalla Medicina dello Sport.<\/p>\n\n\n\n<p>Per coloro che hanno il tesseramento con il vincolo pluriennale con altre societ\u00e0, sar\u00e0 necessario esibire il nulla osta del club di appartenenza.<\/p>\n\n\n\n<p>All&#8217;ingresso, tutti gli atleti compileranno sia l&#8217;autocertificazione obbligatoria Covid &#8211; 19 che l&#8217;esonero di responsabilit\u00e0.&nbsp;<\/p>\n\n\n\n<p>Gli atleti minorenni devono essere accompagnati obbligatoriamente da un genitore per la compilazione dei documenti.<\/p>\n\n\n\n<p>Non sar\u00e0 possibile l&#8217;utilizzo delle docce e degli spogliatoi e tutti gli atleti dovranno presentarsi gi\u00e0 forniti di borraccia d&#8217;acqua personale.<br>Qualora anche una di queste regole non verr\u00e0 rispettata, l&#8217;atleta non potr\u00e0 fare ingresso nella struttura sportiva.<\/p>\n\n\n\n<h1 class=\"wp-block-heading\">Per info \u00e8 possibile contattare i numeri 3281089905 e 3807421054<\/h1>\n","protected":false},"excerpt":{"rendered":"<p>La societ\u00e0 biancoverde ufficializza luogo e data: sar\u00e0 al campo &#8220;Vivere solidale&#8221; di Paolo VI alle 17.30 di marted\u00ec 21 luglio. Per info \u00e8 possibile contattare i numeri 3281089905 e 3807421054 E&#8217; tutto pronto per il primo raduno&nbsp;Juniores&nbsp;e&nbsp;Under 17&nbsp;della&nbsp;Giovani Cryos, che si terr\u00e0 marted\u00ec 21 luglio alle ore 17.30 e sar\u00e0 destinato ai nati dal [&hellip;]<\/p>\n","protected":false},"author":7,"featured_media":2754,"comment_status":"closed","ping_status":"closed","sticky":false,"template":"","format":"standard","meta":{"footnotes":""},"categories":[17],"tags":[64,66,14],"class_list":["post-2753","post","type-post","status-publish","format-standard","has-post-thumbnail","hentry","category-comunicati-stampa","tag-juniores","tag-raduno","tag-under-17"],"_links":{"self":[{"href":"https:\/\/cryos.web.dev.crypteia.it\/index.php\/wp-json\/wp\/v2\/posts\/2753","targetHints":{"allow":["GET"]}}],"collection":[{"href":"https:\/\/cryos.web.dev.crypteia.it\/index.php\/wp-json\/wp\/v2\/posts"}],"about":[{"href":"https:\/\/cryos.web.dev.crypteia.it\/index.php\/wp-json\/wp\/v2\/types\/post"}],"author":[{"embeddable":true,"href":"https:\/\/cryos.web.dev.crypteia.it\/index.php\/wp-json\/wp\/v2\/users\/7"}],"replies":[{"embeddable":true,"href":"https:\/\/cryos.web.dev.crypteia.it\/index.php\/wp-json\/wp\/v2\/comments?post=2753"}],"version-history":[{"count":0,"href":"https:\/\/cryos.web.dev.crypteia.it\/index.php\/wp-json\/wp\/v2\/posts\/2753\/revisions"}],"wp:featuredmedia":[{"embeddable":true,"href":"https:\/\/cryos.web.dev.crypteia.it\/index.php\/wp-json\/wp\/v2\/media\/2754"}],"wp:attachment":[{"href":"https:\/\/cryos.web.dev.crypteia.it\/index.php\/wp-json\/wp\/v2\/media?parent=2753"}],"wp:term":[{"taxonomy":"category","embeddable":true,"href":"https:\/\/cryos.web.dev.crypteia.it\/index.php\/wp-json\/wp\/v2\/categories?post=2753"},{"taxonomy":"post_tag","embeddable":true,"href":"https:\/\/cryos.web.dev.crypteia.it\/index.php\/wp-json\/wp\/v2\/tags?post=2753"}],"curies":[{"name":"wp","href":"https:\/\/api.w.org\/{rel}","templated":true}]}}